{"id":11001,"date":"2017-11-06T15:54:04","date_gmt":"2017-11-06T14:54:04","guid":{"rendered":"http:\/\/www.messinaoggi.it\/website\/?p=11001"},"modified":"2017-11-06T15:54:04","modified_gmt":"2017-11-06T14:54:04","slug":"crocetta-attacca-il-pd-volevano-uccidermi-e-si-sono-suicidati","status":"publish","type":"post","link":"https:\/\/www.messinaoggi.it\/website\/2017\/11\/06\/crocetta-attacca-il-pd-volevano-uccidermi-e-si-sono-suicidati\/","title":{"rendered":"Crocetta attacca il Pd: &quot;Volevano uccidermi e si sono suicidati&quot;"},"content":{"rendered":"<p>&#8220;Questa campagna elettorale \u00e8 stata animata solo dall&#8217;odio. C&#8217;era un unico obiettivo: &#8216;uccidere&#8217; Crocetta come se si trattasse di un derby interno al partito e non di un&#8217;elezione regionale&#8221;. A dirlo all&#8217;Adnkronos \u00e8 il presidente della Regione siciliana, Rosario Crocetta, commentando i risultati del voto che hanno visto perdente il candidato del Centrosinistra, Fabrizio Micari, terzo dopo Nello Musumeci, sostenuto dal Centrodestra e Giancarlo Cancelleri del M5s.<br \/>\n&#8220;Mi sono messo da parte come mi \u00e8 stato chiesto &#8211; prosegue -, hanno rimosso la mia lista, ho accettato la richiesta di Micari di non candidarmi a Palermo e Catania e a\u00a0Messina\u00a0e Siracusa hanno fatto saltare le mie liste. Ho accettato tanti sacrifici, sono stato leale con il partito e i risultati sono sotto gli occhi di tutti: volevano uccidermi e si sono suicidati&#8221;.<br \/>\nPer il governatore il risultato consegnato dalle urne a scrutinio non ancora concluso \u00e8 &#8220;una sconfitta annunciata&#8221;, ma Leoluca Orlando, big sponsor del rettore Fabrizio Micari, \u00e8 stato &#8220;talmente arrogante da non averlo capito. Da parte mia &#8211; conclude Crocetta &#8211; c&#8217;\u00e8 la massima solidariet\u00e0 a Micari, che ha subito un gioco sporco&#8221;.<div id=\"div-gpt-ad-Messinaoggi.it-DSK-300x250-corpoart\" style=\"text-align:center;margin:0 auto;\"><\/div><\/p>\n<div id=\"videoincontent\" style=\"clear:both\";><\/div>","protected":false},"excerpt":{"rendered":"<p>&#8220;Questa campagna elettorale \u00e8 stata animata solo dall&#8217;odio. C&#8217;era un unico obiettivo: &#8216;uccidere&#8217; Crocetta come se si trattasse di un derby interno al partito e non di un&#8217;elezione regionale&#8221;. A dirlo all&#8217;Adnkronos \u00e8 il presidente della Regione siciliana, Rosario Crocetta, commentando i risultati del voto che hanno visto perdente il candidato del Centrosinistra, Fabrizio Micari, [&hellip;]<\/p>\n","protected":false},"author":2,"featured_media":5357,"comment_status":"closed","ping_status":"open","sticky":false,"template":"","format":"standard","meta":{"ub_ctt_via":"","_mi_skip_tracking":false},"categories":[11],"tags":[],"featured_image_src":"https:\/\/www.messinaoggi.it\/website\/wp-content\/uploads\/2017\/07\/crocetta_7270-2.jpg","author_info":{"display_name":"Redazione","author_link":"https:\/\/www.messinaoggi.it\/website\/author\/redazione\/"},"digistream_id":0,"digistream":false,"_links":{"self":[{"href":"https:\/\/www.messinaoggi.it\/website\/wp-json\/wp\/v2\/posts\/11001"}],"collection":[{"href":"https:\/\/www.messinaoggi.it\/website\/wp-json\/wp\/v2\/posts"}],"about":[{"href":"https:\/\/www.messinaoggi.it\/website\/wp-json\/wp\/v2\/types\/post"}],"author":[{"embeddable":true,"href":"https:\/\/www.messinaoggi.it\/website\/wp-json\/wp\/v2\/users\/2"}],"replies":[{"embeddable":true,"href":"https:\/\/www.messinaoggi.it\/website\/wp-json\/wp\/v2\/comments?post=11001"}],"version-history":[{"count":0,"href":"https:\/\/www.messinaoggi.it\/website\/wp-json\/wp\/v2\/posts\/11001\/revisions"}],"wp:featuredmedia":[{"embeddable":true,"href":"https:\/\/www.messinaoggi.it\/website\/wp-json\/wp\/v2\/media\/5357"}],"wp:attachment":[{"href":"https:\/\/www.messinaoggi.it\/website\/wp-json\/wp\/v2\/media?parent=11001"}],"wp:term":[{"taxonomy":"category","embeddable":true,"href":"https:\/\/www.messinaoggi.it\/website\/wp-json\/wp\/v2\/categories?post=11001"},{"taxonomy":"post_tag","embeddable":true,"href":"https:\/\/www.messinaoggi.it\/website\/wp-json\/wp\/v2\/tags?post=11001"}],"curies":[{"name":"wp","href":"https:\/\/api.w.org\/{rel}","templated":true}]}}