{"id":110002,"date":"2022-06-03T13:04:14","date_gmt":"2022-06-03T11:04:14","guid":{"rendered":"http:\/\/www.messinaoggi.it\/website\/?p=110002"},"modified":"2022-06-03T13:04:16","modified_gmt":"2022-06-03T11:04:16","slug":"papardo-andronico-uil-fpl-malattie-infettive-non-si-tocca","status":"publish","type":"post","link":"https:\/\/www.messinaoggi.it\/website\/2022\/06\/03\/papardo-andronico-uil-fpl-malattie-infettive-non-si-tocca\/","title":{"rendered":"Papardo, Andronico (Uil-Fpl): &#8220;Malattie infettive non si tocca&#8221;"},"content":{"rendered":"\n<p>Il Reparto Malattie infettive del Papardo al centro di una nota sindacale della Uil-Fpl. Il documento indirizzato ai vertici dell\u2019azienda e all\u2019assessore regionale alla Salute, Ruggero Razza, porta la firma di <strong>Livio Andronico<\/strong>, segretario generale del sindacato, <strong>Corrado Lamanna<\/strong>, responsabile provinciale area medica, del segretario aziendale <strong>Aurelio Lamonica<\/strong> e delle Rsu Uil-Fpl del Papardo.<div id=\"div-gpt-ad-Messinaoggi.it-DSK-300x250-corpoart\" style=\"text-align:center;margin:0 auto;\"><\/div><\/p>\n\n\n\n<p>\u201c Com\u2019\u00e8 ben noto, la U.O.C. di Malattie Infettive dell&#8217;Azienda ospedaliera Papardo, con il riordino previsto dal Piano Regionale della rete ospedaliera, ha gi\u00e0 sub\u00ecto un declassamento, essendo stata retrocessa da Unit\u00e0 Operativa Complessa a Struttura Semplice Dipartimentale, in palese violazione del Decreto Balduzzi, che prevedeva nel caso di doppioni fra UU.OO.CC. della stessa provincia, la comparazione di attivit\u00e0 tra strutture complesse coinvolte nel processo di soppressione, ed eliminare quella con minori indici di attivit\u00e0, DRG e di casistica. Nel caso in specie, la comparazione andava fatta fra le UU.OO dell&#8217;Azienda Papardo con quella del Policlinico. Certamente, alla luce della comparazione di volumi di attivit\u00e0, la struttura di Malattie Infettive che doveva essere soppressa, non era quella dell&#8217;Azienda Ospedaliera Papardo. Ci\u00f2 premesso, la scrivente organizzazione sindacale, \u00e8 venuta a conoscenza che vi \u00e8 in atto, una decisione Aziendale che mira ad una riorganizzazione di alcune UU.OO. Sembrerebbe ci sia l&#8217;intenzione di avviare un processo di chiusura\/accorpamento dell\u2019U.O. di Malattie Infettive. Tale U.O., negli ultimi due anni ha svolto una importantissima attivit\u00e0 nell&#8217;ambito della pandemia da Covid 19. Legare l\u2019esistenza della U.O. ai soli casi di Covid, oggi fortunatamente in forte calo e di conseguenza immaginare ad un possibile accorpamento della stessa, ci sembra alquanto penalizzante nei confronti non solo dei professionisti in servizio presso la suddetta U.O., che hanno maturato nel tempo notevole professionalit\u00e0 e competenza nel settore delle Malattie Infettive, ma priverebbe la provincia di Messina di un punto di riferimento importante quale ad esempio tra l&#8217;altro, il riconoscimento di punto di riferimento Regionale per l&#8217;epatite C. Il reparto di Malattie Infettive, ha svolto negli ultimi quarant&#8217;anni, un ruolo di grande interesse sanitario nella nostra azienda per la prevenzione, la diagnosi e la cura delle diverse patologie di origine infettiva. Infatti, i pazienti che afferiscono a tale servizio provengono da tutto il territorio provinciale, per diverse patologie quali: AIDS, Epatiti,Tbc. Non vorremmo minimamente immaginare che si stia tentando nuovamente di attuare un \u2018disegno\u2019 di ipotesi programmatiche di accorpamenti tra aziende rispolverando tentativi del passato che a nostro avviso comporterebbero soltanto ulteriori mortificazioni per l&#8217;azienda Ospedaliera Papardo. Per tutto ci\u00f2, la scrivente organizzazione, \u00e8 assolutamente contraria all&#8217;attuazione di queste modalit\u00e0 di reperimento del personale sanitario da destinare ad altre UU.OO. in quanto, tali processi di riorganizzazione aziendale, possono sicuramente essere rivisti cercando margini di miglioramento, senza che ci\u00f2 avvenga indebolendo l&#8217;attivit\u00e0 sanitaria ed i Livelli Essenziali di Assistenza. Inoltre, questa organizzazione, ritiene che ai fini di un corretto esercizio delle relazioni sindacali, sarebbe opportuno da parte del Management dare alle OO.SS comunicazione di eventuali disposizioni prima della loro definitiva adozione e consentire cos\u00ec alle stesse, di esprimere le proprie osservazioni, in modo particolare, su temi che reputiamo fondamentali per i cittadini e i lavoratori che erogano assistenza di alta professionalit\u00e0. Pertanto, al fine di tutelare il diritto alla salute ed evitare tutti i problemi che deriverebbero da eventuale scelta aziendale, che a nostro avviso produrrebbe pi\u00f9 difficolt\u00e0 che vantaggi, e sempre pi\u00f9 convinti che il Papardo meriti tutti i possibili sforzi per promuove ulteriormente azioni di rilancio, chiediamo un autorevole intervento del Direttore Generale, cos\u00ec da disporre un\u2019immediata sospensione di questa drammatica riorganizzazione&#8221;. Conclude la nota sindacale. \u00a0<div id=\"videoincontent\" style=\"clear:both\";><\/div><\/p>\n","protected":false},"excerpt":{"rendered":"<p>Il Reparto Malattie infettive del Papardo al centro di una nota sindacale della Uil-Fpl. Il documento indirizzato ai vertici dell\u2019azienda e all\u2019assessore regionale alla Salute, Ruggero Razza, porta la firma di Livio Andronico, segretario generale del sindacato, Corrado Lamanna, responsabile provinciale area medica, del segretario aziendale Aurelio Lamonica e delle Rsu Uil-Fpl del Papardo. \u201c [&hellip;]<\/p>\n","protected":false},"author":2,"featured_media":44335,"comment_status":"open","ping_status":"open","sticky":false,"template":"","format":"standard","meta":{"ub_ctt_via":"","_mi_skip_tracking":false},"categories":[6],"tags":[2462,4616,812,115],"featured_image_src":"https:\/\/www.messinaoggi.it\/website\/wp-content\/uploads\/2020\/06\/papardo-3.jpg","author_info":{"display_name":"Redazione","author_link":"https:\/\/www.messinaoggi.it\/website\/author\/redazione\/"},"digistream_id":0,"digistream":false,"_links":{"self":[{"href":"https:\/\/www.messinaoggi.it\/website\/wp-json\/wp\/v2\/posts\/110002"}],"collection":[{"href":"https:\/\/www.messinaoggi.it\/website\/wp-json\/wp\/v2\/posts"}],"about":[{"href":"https:\/\/www.messinaoggi.it\/website\/wp-json\/wp\/v2\/types\/post"}],"author":[{"embeddable":true,"href":"https:\/\/www.messinaoggi.it\/website\/wp-json\/wp\/v2\/users\/2"}],"replies":[{"embeddable":true,"href":"https:\/\/www.messinaoggi.it\/website\/wp-json\/wp\/v2\/comments?post=110002"}],"version-history":[{"count":1,"href":"https:\/\/www.messinaoggi.it\/website\/wp-json\/wp\/v2\/posts\/110002\/revisions"}],"predecessor-version":[{"id":110003,"href":"https:\/\/www.messinaoggi.it\/website\/wp-json\/wp\/v2\/posts\/110002\/revisions\/110003"}],"wp:featuredmedia":[{"embeddable":true,"href":"https:\/\/www.messinaoggi.it\/website\/wp-json\/wp\/v2\/media\/44335"}],"wp:attachment":[{"href":"https:\/\/www.messinaoggi.it\/website\/wp-json\/wp\/v2\/media?parent=110002"}],"wp:term":[{"taxonomy":"category","embeddable":true,"href":"https:\/\/www.messinaoggi.it\/website\/wp-json\/wp\/v2\/categories?post=110002"},{"taxonomy":"post_tag","embeddable":true,"href":"https:\/\/www.messinaoggi.it\/website\/wp-json\/wp\/v2\/tags?post=110002"}],"curies":[{"name":"wp","href":"https:\/\/api.w.org\/{rel}","templated":true}]}}