{"id":110000,"date":"2022-06-03T12:47:33","date_gmt":"2022-06-03T10:47:33","guid":{"rendered":"https:\/\/www.messinaoggi.it\/website\/2022\/06\/03\/in-sicilia-domenica-ingresso-gratuito-ai-luoghi-della-cultura-regionali\/"},"modified":"2022-06-03T13:11:03","modified_gmt":"2022-06-03T11:11:03","slug":"in-sicilia-domenica-ingresso-gratuito-ai-luoghi-della-cultura-regionali","status":"publish","type":"post","link":"https:\/\/www.messinaoggi.it\/website\/2022\/06\/03\/in-sicilia-domenica-ingresso-gratuito-ai-luoghi-della-cultura-regionali\/","title":{"rendered":"In Sicilia domenica ingresso gratuito ai luoghi della cultura regionali"},"content":{"rendered":"<div>\n<p>PALERMO (ITALPRESS) \u2013 Domenica prossima, prima domenica del mese, in Sicilia si entra gratis in tutti i parchi archeologici, i musei e i luoghi della cultura che dipendono dall\u2019assessorato regionale dei Beni culturali della Sicilia. Lo ha disposto l\u2019assessore regionale dei Beni culturali e dell\u2019Identit\u00e0 siciliana, Alberto Samon\u00e0, aderendo, gi\u00e0 dallo scorso aprile alla nuova campagna promossa  dal Ministero della Cultura.<br \/>\u201cParchi archeologici e musei regionali sono veri e propri serbatoi di benessere  \u2013 sottolinea l\u2019assessore Alberto Samon\u00e0 \u2013 perch\u00e8 la cultura \u00e8 un nutrimento dell\u2019anima. Le giornate a ingresso gratuito invitano alla scoperta dell\u2019arte e favoriscono le famiglie nella trasmissione di valori importanti come l\u2019educazione alla bellezza e alla conoscenza\u201d.<br \/>ufficio stampa Assessorato Beni culturali e Identit\u00e0 siciliana <br \/>(ITALPRESS).<div id=\"div-gpt-ad-Messinaoggi.it-DSK-300x250-corpoart\" style=\"text-align:center;margin:0 auto;\"><\/div><\/p>\n<\/div>\n<div id=\"videoincontent\" style=\"clear:both\";><\/div>","protected":false},"excerpt":{"rendered":"<p>PALERMO (ITALPRESS) \u2013 Domenica prossima, prima domenica del mese, in Sicilia si entra gratis in tutti i parchi archeologici, i musei e i luoghi della cultura che dipendono dall\u2019assessorato regionale dei Beni culturali della Sicilia. Lo ha disposto l\u2019assessore regionale dei Beni culturali e dell\u2019Identit\u00e0 siciliana, Alberto Samon\u00e0, aderendo, gi\u00e0 dallo scorso aprile alla nuova [&hellip;]<\/p>\n","protected":false},"author":18,"featured_media":110001,"comment_status":"closed","ping_status":"closed","sticky":false,"template":"","format":"standard","meta":{"ub_ctt_via":"","_mi_skip_tracking":false},"categories":[11,2449],"tags":[783],"featured_image_src":"https:\/\/www.messinaoggi.it\/website\/wp-content\/uploads\/2022\/06\/20220603_0457.jpg","author_info":{"display_name":"Admin","author_link":"https:\/\/www.messinaoggi.it\/website\/author\/admin\/"},"digistream_id":0,"digistream":false,"_links":{"self":[{"href":"https:\/\/www.messinaoggi.it\/website\/wp-json\/wp\/v2\/posts\/110000"}],"collection":[{"href":"https:\/\/www.messinaoggi.it\/website\/wp-json\/wp\/v2\/posts"}],"about":[{"href":"https:\/\/www.messinaoggi.it\/website\/wp-json\/wp\/v2\/types\/post"}],"author":[{"embeddable":true,"href":"https:\/\/www.messinaoggi.it\/website\/wp-json\/wp\/v2\/users\/18"}],"replies":[{"embeddable":true,"href":"https:\/\/www.messinaoggi.it\/website\/wp-json\/wp\/v2\/comments?post=110000"}],"version-history":[{"count":1,"href":"https:\/\/www.messinaoggi.it\/website\/wp-json\/wp\/v2\/posts\/110000\/revisions"}],"predecessor-version":[{"id":110007,"href":"https:\/\/www.messinaoggi.it\/website\/wp-json\/wp\/v2\/posts\/110000\/revisions\/110007"}],"wp:featuredmedia":[{"embeddable":true,"href":"https:\/\/www.messinaoggi.it\/website\/wp-json\/wp\/v2\/media\/110001"}],"wp:attachment":[{"href":"https:\/\/www.messinaoggi.it\/website\/wp-json\/wp\/v2\/media?parent=110000"}],"wp:term":[{"taxonomy":"category","embeddable":true,"href":"https:\/\/www.messinaoggi.it\/website\/wp-json\/wp\/v2\/categories?post=110000"},{"taxonomy":"post_tag","embeddable":true,"href":"https:\/\/www.messinaoggi.it\/website\/wp-json\/wp\/v2\/tags?post=110000"}],"curies":[{"name":"wp","href":"https:\/\/api.w.org\/{rel}","templated":true}]}}