{"id":11000,"date":"2017-11-06T15:47:38","date_gmt":"2017-11-06T14:47:38","guid":{"rendered":"http:\/\/www.messinaoggi.it\/website\/?p=11000"},"modified":"2017-11-06T15:47:38","modified_gmt":"2017-11-06T14:47:38","slug":"bufera-pd-de-domenico-rischia-lo-scranno-allars-al-suo-posto-laccoto","status":"publish","type":"post","link":"https:\/\/www.messinaoggi.it\/website\/2017\/11\/06\/bufera-pd-de-domenico-rischia-lo-scranno-allars-al-suo-posto-laccoto\/","title":{"rendered":"Bufera Pd: De Domenico rischia lo scranno all&#039;Ars, al suo posto Laccoto?"},"content":{"rendered":"<p>Oltre alla sconfitta alle urne c&#8217;\u00e8\u00a0 un giallo in casa Pd. Il Partito democratico si lecca le ferite e rischia di compromettere persino la discreta performance di Francesco De Domenico.<br \/>\nL&#8217;esponente Pd che avrebbe toccato oltre le 5mila preferenze solo in citt\u00e0 (i dati sono ancora parziali) potrebbe perdere uno scranno all&#8217;Ars a vantaggio di Laccoto, il secondo dei pi\u00f9 eletti, per uno caso di ineleggibilit\u00e0.<div id=\"div-gpt-ad-Messinaoggi.it-DSK-300x250-corpoart\" style=\"text-align:center;margin:0 auto;\"><\/div><\/p>\n<div id=\"videoincontent\" style=\"clear:both\";><\/div>","protected":false},"excerpt":{"rendered":"<p>Oltre alla sconfitta alle urne c&#8217;\u00e8\u00a0 un giallo in casa Pd. Il Partito democratico si lecca le ferite e rischia di compromettere persino la discreta performance di Francesco De Domenico. L&#8217;esponente Pd che avrebbe toccato oltre le 5mila preferenze solo in citt\u00e0 (i dati sono ancora parziali) potrebbe perdere uno scranno all&#8217;Ars a vantaggio di [&hellip;]<\/p>\n","protected":false},"author":2,"featured_media":8546,"comment_status":"closed","ping_status":"open","sticky":false,"template":"","format":"standard","meta":{"ub_ctt_via":"","_mi_skip_tracking":false},"categories":[6],"tags":[],"featured_image_src":"https:\/\/www.messinaoggi.it\/website\/wp-content\/uploads\/2017\/09\/present-candidatura-de-domenico-RRP_8641-2.jpg","author_info":{"display_name":"Redazione","author_link":"https:\/\/www.messinaoggi.it\/website\/author\/redazione\/"},"digistream_id":0,"digistream":false,"_links":{"self":[{"href":"https:\/\/www.messinaoggi.it\/website\/wp-json\/wp\/v2\/posts\/11000"}],"collection":[{"href":"https:\/\/www.messinaoggi.it\/website\/wp-json\/wp\/v2\/posts"}],"about":[{"href":"https:\/\/www.messinaoggi.it\/website\/wp-json\/wp\/v2\/types\/post"}],"author":[{"embeddable":true,"href":"https:\/\/www.messinaoggi.it\/website\/wp-json\/wp\/v2\/users\/2"}],"replies":[{"embeddable":true,"href":"https:\/\/www.messinaoggi.it\/website\/wp-json\/wp\/v2\/comments?post=11000"}],"version-history":[{"count":0,"href":"https:\/\/www.messinaoggi.it\/website\/wp-json\/wp\/v2\/posts\/11000\/revisions"}],"wp:featuredmedia":[{"embeddable":true,"href":"https:\/\/www.messinaoggi.it\/website\/wp-json\/wp\/v2\/media\/8546"}],"wp:attachment":[{"href":"https:\/\/www.messinaoggi.it\/website\/wp-json\/wp\/v2\/media?parent=11000"}],"wp:term":[{"taxonomy":"category","embeddable":true,"href":"https:\/\/www.messinaoggi.it\/website\/wp-json\/wp\/v2\/categories?post=11000"},{"taxonomy":"post_tag","embeddable":true,"href":"https:\/\/www.messinaoggi.it\/website\/wp-json\/wp\/v2\/tags?post=11000"}],"curies":[{"name":"wp","href":"https:\/\/api.w.org\/{rel}","templated":true}]}}