{"id":109987,"date":"2022-06-03T08:22:57","date_gmt":"2022-06-03T06:22:57","guid":{"rendered":"http:\/\/www.messinaoggi.it\/website\/?p=109987"},"modified":"2022-06-03T08:22:58","modified_gmt":"2022-06-03T06:22:58","slug":"scontro-sulla18-un-morto-e-3-feriti-a-briga","status":"publish","type":"post","link":"https:\/\/www.messinaoggi.it\/website\/2022\/06\/03\/scontro-sulla18-un-morto-e-3-feriti-a-briga\/","title":{"rendered":"Scontro sull&#8217;A18, un morto e 3 feriti a Briga"},"content":{"rendered":"\n<p>Una persona \u00e8 morta e tre sono rimaste ferite ieri sera dopo le 23 sull&#8217;A18 Messina-Catania. L&#8217;incidente \u00e8 avvenuto in galleria all&#8217;altezza di Briga Marina, tra gli svincoli di Tremestieri e Roccalumera. La vittima \u00e8 un 47enne, originario di Patern\u00f2. Violentissimo l&#8217;impatto tra una Ford Fiesta e una Toyota Yaris; a bordo di quest&#8217;ultima viaggiavano le tre persone rimaste ferite. Secondo una prima ricostruzione, il conducente della Fiesta avrebbe perso il controllo dell&#8217;auto, forse per un malore o un colpo di sonno, finendo contro il guardrail; a quel punto \u00e8 sopraggiunta l&#8217;altra auto che non \u00e8 riuscita ad evitare l&#8217;ostacolo prendendo in pieno la Ford Fiesta. Il conducente dell&#8217;utilitaria \u00e8 morto sul colpo. Sulla vicenda indaga la polizia stradale.<div id=\"div-gpt-ad-Messinaoggi.it-DSK-300x250-corpoart\" style=\"text-align:center;margin:0 auto;\"><\/div><\/p>\n<div id=\"videoincontent\" style=\"clear:both\";><\/div>","protected":false},"excerpt":{"rendered":"<p>Una persona \u00e8 morta e tre sono rimaste ferite ieri sera dopo le 23 sull&#8217;A18 Messina-Catania. L&#8217;incidente \u00e8 avvenuto in galleria all&#8217;altezza di Briga Marina, tra gli svincoli di Tremestieri e Roccalumera. La vittima \u00e8 un 47enne, originario di Patern\u00f2. Violentissimo l&#8217;impatto tra una Ford Fiesta e una Toyota Yaris; a bordo di quest&#8217;ultima viaggiavano [&hellip;]<\/p>\n","protected":false},"author":4,"featured_media":74813,"comment_status":"open","ping_status":"open","sticky":false,"template":"","format":"standard","meta":{"ub_ctt_via":"","_mi_skip_tracking":false},"categories":[19],"tags":[575,4614],"featured_image_src":"https:\/\/www.messinaoggi.it\/website\/wp-content\/uploads\/2021\/07\/fila-autostrada-a18.jpg","author_info":{"display_name":"redme","author_link":"https:\/\/www.messinaoggi.it\/website\/author\/redme\/"},"digistream_id":0,"digistream":false,"_links":{"self":[{"href":"https:\/\/www.messinaoggi.it\/website\/wp-json\/wp\/v2\/posts\/109987"}],"collection":[{"href":"https:\/\/www.messinaoggi.it\/website\/wp-json\/wp\/v2\/posts"}],"about":[{"href":"https:\/\/www.messinaoggi.it\/website\/wp-json\/wp\/v2\/types\/post"}],"author":[{"embeddable":true,"href":"https:\/\/www.messinaoggi.it\/website\/wp-json\/wp\/v2\/users\/4"}],"replies":[{"embeddable":true,"href":"https:\/\/www.messinaoggi.it\/website\/wp-json\/wp\/v2\/comments?post=109987"}],"version-history":[{"count":1,"href":"https:\/\/www.messinaoggi.it\/website\/wp-json\/wp\/v2\/posts\/109987\/revisions"}],"predecessor-version":[{"id":109988,"href":"https:\/\/www.messinaoggi.it\/website\/wp-json\/wp\/v2\/posts\/109987\/revisions\/109988"}],"wp:featuredmedia":[{"embeddable":true,"href":"https:\/\/www.messinaoggi.it\/website\/wp-json\/wp\/v2\/media\/74813"}],"wp:attachment":[{"href":"https:\/\/www.messinaoggi.it\/website\/wp-json\/wp\/v2\/media?parent=109987"}],"wp:term":[{"taxonomy":"category","embeddable":true,"href":"https:\/\/www.messinaoggi.it\/website\/wp-json\/wp\/v2\/categories?post=109987"},{"taxonomy":"post_tag","embeddable":true,"href":"https:\/\/www.messinaoggi.it\/website\/wp-json\/wp\/v2\/tags?post=109987"}],"curies":[{"name":"wp","href":"https:\/\/api.w.org\/{rel}","templated":true}]}}