{"id":109952,"date":"2022-06-02T15:07:38","date_gmt":"2022-06-02T13:07:38","guid":{"rendered":"https:\/\/www.messinaoggi.it\/website\/2022\/06\/02\/miretti-un-onore-essere-chiamati-nellunder-21\/"},"modified":"2022-06-02T15:07:38","modified_gmt":"2022-06-02T13:07:38","slug":"miretti-un-onore-essere-chiamati-nellunder-21","status":"publish","type":"post","link":"https:\/\/www.messinaoggi.it\/website\/2022\/06\/02\/miretti-un-onore-essere-chiamati-nellunder-21\/","title":{"rendered":"Miretti \u201cUn onore essere chiamati nell\u2019Under 21\u201d"},"content":{"rendered":"<div>FIRENZE (ITALPRESS) &#8211; &#8220;Ogni volta che si viene chiamati in Nazionale \u00e8 un onore, a maggior ragione se vieni chiamato in Under 21 per me che sono sotto et\u00e0. Sono sicuramente orgoglioso di questa chiamata&#8221;. Lo ha detto il centrocampista Fabio Miretti parlando dal ritiro dell&#8217;Under 21, dove gli azzurrini stanno preparando le prossime gare di qualificazioni all&#8217;Europeo di categoria. Con mister Nicolato &#8220;stiamo iniziando a conoscerci in questi allenamenti, mi ha fatto una buona impressione iniziale, vedremo cosa riesco a trasmettergli&#8221;, ha aggiunto il giovane talento della Juventus. Che poi, parlando dello stage in Nazionale maggiore, ha raccontato: &#8220;E&#8217; stata una bella esperienza, sicuramente mi ha fatto piacere il fatto che mister Mancini mi abbia convocato. In realt\u00e0 ho fatto solo un giorno allenandomi solo il gioved\u00ec mattina, abbiamo fatto una partitella undici contro undici, c&#8217;erano ovviamente giocatori bravi e quindi \u00e8 stata una partita di livello&#8221;. &#8220;Da quando ho iniziato ad allenarmi stabilmente con la prima squadra, sono sicuramente cresciuto molto &#8211; ha aggiunto Miretti &#8211; Ho avuto la fortuna di fare qualche partita da titolare, ed essendo un tifoso cresciuto nel vivaio juventino, \u00e8 stata un&#8217;emozione indescrivibile poter giocare per la squadra del mio cuore&#8221;. &#8220;Sono cresciuto molto stando con grandi campioni sia dal punto di vista tecnico che come persona, e questo percorso di questi mesi mi ha aiutato tanto &#8211; ha concluso Miretti &#8211; Allegri? Mi ha dato tanti spunti su cui poter migliorare sia dal punto di vista tecnico ma soprattutto dal punto di vista della fase difensiva, che \u00e8 un fattore su cui posso migliorare ancora tanto&#8221;.<br \/>&#8211; foto LivePhotoSport &#8211; <br \/>(ITALPRESS).<\/div>\n<div id=\"div-gpt-ad-Messinaoggi.it-DSK-300x250-corpoart\" style=\"text-align:center;margin:0 auto;\"><\/div><\/p><div id=\"videoincontent\" style=\"clear:both\";><\/div>","protected":false},"excerpt":{"rendered":"<p>FIRENZE (ITALPRESS) &#8211; &#8220;Ogni volta che si viene chiamati in Nazionale \u00e8 un onore, a maggior ragione se vieni chiamato in Under 21 per me che sono sotto et\u00e0. Sono sicuramente orgoglioso di questa chiamata&#8221;. Lo ha detto il centrocampista Fabio Miretti parlando dal ritiro dell&#8217;Under 21, dove gli azzurrini stanno preparando le prossime gare [&hellip;]<\/p>\n","protected":false},"author":18,"featured_media":109953,"comment_status":"closed","ping_status":"closed","sticky":false,"template":"","format":"standard","meta":{"ub_ctt_via":"","_mi_skip_tracking":false},"categories":[446],"tags":[783],"featured_image_src":"https:\/\/www.messinaoggi.it\/website\/wp-content\/uploads\/2022\/06\/20220602_0302.jpg","author_info":{"display_name":"Admin","author_link":"https:\/\/www.messinaoggi.it\/website\/author\/admin\/"},"digistream_id":0,"digistream":false,"_links":{"self":[{"href":"https:\/\/www.messinaoggi.it\/website\/wp-json\/wp\/v2\/posts\/109952"}],"collection":[{"href":"https:\/\/www.messinaoggi.it\/website\/wp-json\/wp\/v2\/posts"}],"about":[{"href":"https:\/\/www.messinaoggi.it\/website\/wp-json\/wp\/v2\/types\/post"}],"author":[{"embeddable":true,"href":"https:\/\/www.messinaoggi.it\/website\/wp-json\/wp\/v2\/users\/18"}],"replies":[{"embeddable":true,"href":"https:\/\/www.messinaoggi.it\/website\/wp-json\/wp\/v2\/comments?post=109952"}],"version-history":[{"count":0,"href":"https:\/\/www.messinaoggi.it\/website\/wp-json\/wp\/v2\/posts\/109952\/revisions"}],"wp:featuredmedia":[{"embeddable":true,"href":"https:\/\/www.messinaoggi.it\/website\/wp-json\/wp\/v2\/media\/109953"}],"wp:attachment":[{"href":"https:\/\/www.messinaoggi.it\/website\/wp-json\/wp\/v2\/media?parent=109952"}],"wp:term":[{"taxonomy":"category","embeddable":true,"href":"https:\/\/www.messinaoggi.it\/website\/wp-json\/wp\/v2\/categories?post=109952"},{"taxonomy":"post_tag","embeddable":true,"href":"https:\/\/www.messinaoggi.it\/website\/wp-json\/wp\/v2\/tags?post=109952"}],"curies":[{"name":"wp","href":"https:\/\/api.w.org\/{rel}","templated":true}]}}