{"id":109938,"date":"2022-06-02T14:03:15","date_gmt":"2022-06-02T12:03:15","guid":{"rendered":"http:\/\/www.messinaoggi.it\/website\/?p=109938"},"modified":"2022-06-02T14:04:35","modified_gmt":"2022-06-02T12:04:35","slug":"legambiente-contro-il-comune-di-giardini-nuovo-lido-vicino-al-fiume-inquinato","status":"publish","type":"post","link":"https:\/\/www.messinaoggi.it\/website\/2022\/06\/02\/legambiente-contro-il-comune-di-giardini-nuovo-lido-vicino-al-fiume-inquinato\/","title":{"rendered":"Legambiente contro il Comune di Giardini: &#8220;Nuovo lido vicino al fiume inquinato&#8221;"},"content":{"rendered":"\n<p>&#8220;Abbiamo pi\u00f9 volte sollevato la questione perch\u00e9 stanno realizzando un lido che si trova a Recanati, una delle zone pi\u00f9 belle di Giardini Naxos, ma alla foce del fiume Alcantara che \u00e8 in parte inquinato, quindi su un&#8217; area dove non dovrebbe essere permessa la balneazione. Abbiamo sollevato la questione e chiesto chiarimenti al Comune di Giardini Naxos, in particolare agli uffici tecnici, ma senza avere risposta&#8221;. A dirlo Anna Noessing, presidente del Circolo Legambiente Taormina-Valle Alcantara, sottolineando che molti cittadini chiedono loro cosa stia succedendo sulla spiaggia di Recanati a Giardini Naxos (Me). &#8220;Si tratta di una delle poche parti della battigia ancora libere. Gli uffici di demanio costiero di Messina &#8211; prosegue Noessing &#8211; in assenza di un Pudm (Piani di utilizzo delle aree demaniali marittime, ndr) approvato da parte dell&#8217;attuale amministrazione, hanno pensato bene di lottizzare l&#8217;ultima parte di spiaggia libera, Si trova sotto il depuratore, \u00e8 zona non balneabile secondo Arpa Sicilia, ma tanto chi fa caso ai cartelli, buoni soltanto per appoggiare ai pali le buste dell&#8217;immondizia&#8221;. &#8220;Il problema non riguarda solo questo lido ma \u00e8 pi\u00f9 ampio &#8211; spiega Noessing &#8211; perch\u00e9 la situazione non \u00e8 regolamentata&#8221;<div id=\"div-gpt-ad-Messinaoggi.it-DSK-300x250-corpoart\" style=\"text-align:center;margin:0 auto;\"><\/div><\/p>\n<div id=\"videoincontent\" style=\"clear:both\";><\/div>","protected":false},"excerpt":{"rendered":"<p>&#8220;Abbiamo pi\u00f9 volte sollevato la questione perch\u00e9 stanno realizzando un lido che si trova a Recanati, una delle zone pi\u00f9 belle di Giardini Naxos, ma alla foce del fiume Alcantara che \u00e8 in parte inquinato, quindi su un&#8217; area dove non dovrebbe essere permessa la balneazione. Abbiamo sollevato la questione e chiesto chiarimenti al Comune [&hellip;]<\/p>\n","protected":false},"author":4,"featured_media":42956,"comment_status":"open","ping_status":"open","sticky":false,"template":"","format":"standard","meta":{"ub_ctt_via":"","_mi_skip_tracking":false},"categories":[13,15],"tags":[71,2248],"featured_image_src":"https:\/\/www.messinaoggi.it\/website\/wp-content\/uploads\/2020\/04\/giardini-naxos.jpg","author_info":{"display_name":"redme","author_link":"https:\/\/www.messinaoggi.it\/website\/author\/redme\/"},"digistream_id":0,"digistream":false,"_links":{"self":[{"href":"https:\/\/www.messinaoggi.it\/website\/wp-json\/wp\/v2\/posts\/109938"}],"collection":[{"href":"https:\/\/www.messinaoggi.it\/website\/wp-json\/wp\/v2\/posts"}],"about":[{"href":"https:\/\/www.messinaoggi.it\/website\/wp-json\/wp\/v2\/types\/post"}],"author":[{"embeddable":true,"href":"https:\/\/www.messinaoggi.it\/website\/wp-json\/wp\/v2\/users\/4"}],"replies":[{"embeddable":true,"href":"https:\/\/www.messinaoggi.it\/website\/wp-json\/wp\/v2\/comments?post=109938"}],"version-history":[{"count":1,"href":"https:\/\/www.messinaoggi.it\/website\/wp-json\/wp\/v2\/posts\/109938\/revisions"}],"predecessor-version":[{"id":109940,"href":"https:\/\/www.messinaoggi.it\/website\/wp-json\/wp\/v2\/posts\/109938\/revisions\/109940"}],"wp:featuredmedia":[{"embeddable":true,"href":"https:\/\/www.messinaoggi.it\/website\/wp-json\/wp\/v2\/media\/42956"}],"wp:attachment":[{"href":"https:\/\/www.messinaoggi.it\/website\/wp-json\/wp\/v2\/media?parent=109938"}],"wp:term":[{"taxonomy":"category","embeddable":true,"href":"https:\/\/www.messinaoggi.it\/website\/wp-json\/wp\/v2\/categories?post=109938"},{"taxonomy":"post_tag","embeddable":true,"href":"https:\/\/www.messinaoggi.it\/website\/wp-json\/wp\/v2\/tags?post=109938"}],"curies":[{"name":"wp","href":"https:\/\/api.w.org\/{rel}","templated":true}]}}