{"id":109926,"date":"2022-06-02T11:17:32","date_gmt":"2022-06-02T09:17:32","guid":{"rendered":"https:\/\/www.messinaoggi.it\/website\/2022\/06\/02\/2-giugno-cerimonia-a-palermo-con-il-sindaco-orlando\/"},"modified":"2022-06-02T11:17:32","modified_gmt":"2022-06-02T09:17:32","slug":"2-giugno-cerimonia-a-palermo-con-il-sindaco-orlando","status":"publish","type":"post","link":"https:\/\/www.messinaoggi.it\/website\/2022\/06\/02\/2-giugno-cerimonia-a-palermo-con-il-sindaco-orlando\/","title":{"rendered":"2 Giugno, cerimonia a Palermo con il sindaco Orlando"},"content":{"rendered":"<div>\n<p>PALERMO (ITALPRESS) \u2013 \u201cOggi nel giorno della Festa della Repubblica ricordiamo anche la liberazione dall\u2019incubo del fascismo e dalla tragedia della guerra. E\u2019 l\u2019occasione per ricordare un cammino che ha portato all\u2019approvazione di quella Costituzione repubblicana il cui articolo 11 afferma con chiarezza che l\u2019Italia ripudia la guerra come strumento di soluzione dei conflitti\u201d. Lo ha detto il sindaco di Palermo, Leoluca Orlando, in occasione del 76esimo anniversario della proclamaziome della Repubblica italiana. Orlando ha partecipato alla cerimonia in piazza Vittorio Veneto e poi alla consegna, che si \u00e8 svolta al Teatro Politeama, delle distinzioni onorifiche dell\u2019ordine al Merito della Repubblica italiana e delle Medaglie d\u2019onore alla memoria di cittadini italiani militari e civili deportati nei lager nazisti dopo l\u20198 settembre 1943. <br \/>\u201cUn messaggio tragicamente attuale \u2013 ha proseguito Orlando \u2013 in questo momento nel quale il popolo ucraino \u00e8 sottoposto all\u2019aggressione da parte della Russia di Putin. Questo giorno ci ricorda il valore della pace e della libert\u00e0. Ed \u00e8 un momento per esprimere solidariet\u00e0 al popolo ucraino che resiste coraggiosamente  e al popolo russo travolto dalla dittatura in una vergogna che rischia di segnare l\u2019immagine dell\u2019intero Paese\u201d.<br \/>ufficio stampa comune di Palermo<br \/>(ITALPRESS).<div id=\"div-gpt-ad-Messinaoggi.it-DSK-300x250-corpoart\" style=\"text-align:center;margin:0 auto;\"><\/div><\/p>\n<\/div>\n<div id=\"videoincontent\" style=\"clear:both\";><\/div>","protected":false},"excerpt":{"rendered":"<p>PALERMO (ITALPRESS) \u2013 \u201cOggi nel giorno della Festa della Repubblica ricordiamo anche la liberazione dall\u2019incubo del fascismo e dalla tragedia della guerra. E\u2019 l\u2019occasione per ricordare un cammino che ha portato all\u2019approvazione di quella Costituzione repubblicana il cui articolo 11 afferma con chiarezza che l\u2019Italia ripudia la guerra come strumento di soluzione dei conflitti\u201d. Lo [&hellip;]<\/p>\n","protected":false},"author":18,"featured_media":109927,"comment_status":"closed","ping_status":"closed","sticky":false,"template":"","format":"standard","meta":{"ub_ctt_via":"","_mi_skip_tracking":false},"categories":[2449],"tags":[783],"featured_image_src":"https:\/\/www.messinaoggi.it\/website\/wp-content\/uploads\/2022\/06\/20220602_0141.jpg","author_info":{"display_name":"Admin","author_link":"https:\/\/www.messinaoggi.it\/website\/author\/admin\/"},"digistream_id":0,"digistream":false,"_links":{"self":[{"href":"https:\/\/www.messinaoggi.it\/website\/wp-json\/wp\/v2\/posts\/109926"}],"collection":[{"href":"https:\/\/www.messinaoggi.it\/website\/wp-json\/wp\/v2\/posts"}],"about":[{"href":"https:\/\/www.messinaoggi.it\/website\/wp-json\/wp\/v2\/types\/post"}],"author":[{"embeddable":true,"href":"https:\/\/www.messinaoggi.it\/website\/wp-json\/wp\/v2\/users\/18"}],"replies":[{"embeddable":true,"href":"https:\/\/www.messinaoggi.it\/website\/wp-json\/wp\/v2\/comments?post=109926"}],"version-history":[{"count":0,"href":"https:\/\/www.messinaoggi.it\/website\/wp-json\/wp\/v2\/posts\/109926\/revisions"}],"wp:featuredmedia":[{"embeddable":true,"href":"https:\/\/www.messinaoggi.it\/website\/wp-json\/wp\/v2\/media\/109927"}],"wp:attachment":[{"href":"https:\/\/www.messinaoggi.it\/website\/wp-json\/wp\/v2\/media?parent=109926"}],"wp:term":[{"taxonomy":"category","embeddable":true,"href":"https:\/\/www.messinaoggi.it\/website\/wp-json\/wp\/v2\/categories?post=109926"},{"taxonomy":"post_tag","embeddable":true,"href":"https:\/\/www.messinaoggi.it\/website\/wp-json\/wp\/v2\/tags?post=109926"}],"curies":[{"name":"wp","href":"https:\/\/api.w.org\/{rel}","templated":true}]}}