{"id":109924,"date":"2022-06-02T11:07:33","date_gmt":"2022-06-02T09:07:33","guid":{"rendered":"https:\/\/www.messinaoggi.it\/website\/2022\/06\/02\/mattarella-litalia-e-le-forze-armate-impegnate-per-la-pace\/"},"modified":"2022-06-02T11:07:33","modified_gmt":"2022-06-02T09:07:33","slug":"mattarella-litalia-e-le-forze-armate-impegnate-per-la-pace","status":"publish","type":"post","link":"https:\/\/www.messinaoggi.it\/website\/2022\/06\/02\/mattarella-litalia-e-le-forze-armate-impegnate-per-la-pace\/","title":{"rendered":"Mattarella \u201cL\u2019Italia e le Forze armate impegnate per la pace\u201d"},"content":{"rendered":"<div>ROMA (ITALPRESS) &#8211; &#8220;Il 2 giugno di settantasei anni fa, con la scelta della Repubblica, il popolo italiano si incammin\u00f2 sulla strada della pace, archiviando le avventure belliciste proprie di un regime autoritario come quello fascista. Una opzione che venne poi solennemente ratificata nella Costituzione&#8221;. E&#8217; quanto si legge nel messaggio che il Presidente della Repubblica, Sergio Mattarella, ha inviato al Capo di Stato Maggiore della Difesa, Ammiraglio Giuseppe Cavo Dragone.<br \/>&#8220;Il nostro contributo &#8211; e in esso delle Forze Armate &#8211; alla causa della pace e della cooperazione internazionale &#8211; aggiunge il Capo dello Stato &#8211; si \u00e8 caratterizzato con l&#8217;adesione al Trattato del Nord-Atlantico sottoscritto fra Paesi amanti della libert\u00e0, con la costruzione graduale e crescente della unit\u00e0 europea, con la partecipazione all&#8217;ONU e alle sue iniziative. Fu possibile realizzare un clima di crescente fiducia che, diminuendo le tensioni, consentiva di ridurre ragioni e clima di un confronto talvolta ai limiti del contrasto, senza tuttavia mai oltrepassare quelli che conducono al conflitto&#8221;.<br \/>&#8220;L&#8217;attuale contesto internazionale ci interroga profondamente su come sia possibile garantire oggi il bene indivisibile della pace &#8211; sottolinea Mattarella -. Le aggressioni ai civili, le devastazioni delle citt\u00e0 nel cuore della nostra Europa, pensavamo appartenessero a un passato remoto, ma la drammatica cronaca di questi giorni ci ricorda come stabilit\u00e0 e pace non sono garantite per sempre. La pace non si impone da sola ma \u00e8 frutto della volont\u00e0 e dell&#8217;impegno concreto degli uomini e degli Stati. Una pace basata sul rispetto delle persone e della loro dignit\u00e0, dei confini territoriali, dello stato di diritto, della sovranit\u00e0 democratica; una pace basata sull&#8217;utilizzo della diplomazia come mezzo di risoluzione delle crisi tra Nazioni; una pace basata sul rispetto dei diritti umani&#8221;.<br \/>&#8220;L&#8217;Italia e tutta la comunit\u00e0 internazionale, hanno un ruolo centrale nel favorire il dialogo &#8211; prosegue Mattarella -. Dobbiamo farlo uniti, insieme. La nostra esperienza ci ha mostrato come si possa costruire una convivenza stabile e duratura, anche all&#8217;indomani di conflitti sanguinosi. Lo ribadiamo oggi mentre siamo a fianco dell&#8217;aggredita Ucraina. La Repubblica \u00e8 impegnata a costruire condizioni di pace e le sue Forze Armate, sulla base dei mandati affidati da Governo e Parlamento, concorrono a questo compito&#8221;.<br \/>&#8220;Come settantasei anni fa &#8211; aggiunge il Capo dello Stato &#8211; ribadiamo le ragioni che hanno spinto il popolo italiano, dopo le sofferenze di due guerre mondiali e della dittatura, a percorrere il lungo cammino verso uno Stato democratico, i cui valori di libert\u00e0, pace, uguaglianza e giustizia, diventarono i principi di supremo riferimento per i cittadini e il Paese. Le Forze Armate, protagoniste in questo percorso, in Italia e all&#8217;estero, si confermano una risorsa preziosa, come evidenziato anche dalle vicende della gestione della pandemia. I riconoscimenti che pervengono alle nostre Forze Armate sono la prova eloquente della qualit\u00e0 del loro impegno e della credibilit\u00e0 che si sono conquistati. Ai soldati, marinai, avieri, carabinieri, finanzieri e al personale civile, di ogni ordine e grado giungano, in questo giorno di festa, l&#8217;apprezzamento e la gratitudine per il servizio offerto alla comunit\u00e0. Viva le Forze Armate, Viva la Repubblica!&#8221;.<br \/>\nfoto agenziafotogramma.it<br \/>\n(ITALPRESS).<\/div>\n<div id=\"div-gpt-ad-Messinaoggi.it-DSK-300x250-corpoart\" style=\"text-align:center;margin:0 auto;\"><\/div><\/p><div id=\"videoincontent\" style=\"clear:both\";><\/div>","protected":false},"excerpt":{"rendered":"<p>ROMA (ITALPRESS) &#8211; &#8220;Il 2 giugno di settantasei anni fa, con la scelta della Repubblica, il popolo italiano si incammin\u00f2 sulla strada della pace, archiviando le avventure belliciste proprie di un regime autoritario come quello fascista. Una opzione che venne poi solennemente ratificata nella Costituzione&#8221;. E&#8217; quanto si legge nel messaggio che il Presidente della [&hellip;]<\/p>\n","protected":false},"author":18,"featured_media":109925,"comment_status":"closed","ping_status":"closed","sticky":false,"template":"","format":"standard","meta":{"ub_ctt_via":"","_mi_skip_tracking":false},"categories":[446],"tags":[783],"featured_image_src":"https:\/\/www.messinaoggi.it\/website\/wp-content\/uploads\/2022\/06\/20220602_0092.jpg","author_info":{"display_name":"Admin","author_link":"https:\/\/www.messinaoggi.it\/website\/author\/admin\/"},"digistream_id":0,"digistream":false,"_links":{"self":[{"href":"https:\/\/www.messinaoggi.it\/website\/wp-json\/wp\/v2\/posts\/109924"}],"collection":[{"href":"https:\/\/www.messinaoggi.it\/website\/wp-json\/wp\/v2\/posts"}],"about":[{"href":"https:\/\/www.messinaoggi.it\/website\/wp-json\/wp\/v2\/types\/post"}],"author":[{"embeddable":true,"href":"https:\/\/www.messinaoggi.it\/website\/wp-json\/wp\/v2\/users\/18"}],"replies":[{"embeddable":true,"href":"https:\/\/www.messinaoggi.it\/website\/wp-json\/wp\/v2\/comments?post=109924"}],"version-history":[{"count":0,"href":"https:\/\/www.messinaoggi.it\/website\/wp-json\/wp\/v2\/posts\/109924\/revisions"}],"wp:featuredmedia":[{"embeddable":true,"href":"https:\/\/www.messinaoggi.it\/website\/wp-json\/wp\/v2\/media\/109925"}],"wp:attachment":[{"href":"https:\/\/www.messinaoggi.it\/website\/wp-json\/wp\/v2\/media?parent=109924"}],"wp:term":[{"taxonomy":"category","embeddable":true,"href":"https:\/\/www.messinaoggi.it\/website\/wp-json\/wp\/v2\/categories?post=109924"},{"taxonomy":"post_tag","embeddable":true,"href":"https:\/\/www.messinaoggi.it\/website\/wp-json\/wp\/v2\/tags?post=109924"}],"curies":[{"name":"wp","href":"https:\/\/api.w.org\/{rel}","templated":true}]}}