{"id":109893,"date":"2022-06-01T19:47:33","date_gmt":"2022-06-01T17:47:33","guid":{"rendered":"https:\/\/www.messinaoggi.it\/website\/2022\/06\/01\/comunali-palermo-meloni-a-sostegno-di-lagalla-ha-percorso-radicato\/"},"modified":"2022-06-01T19:47:33","modified_gmt":"2022-06-01T17:47:33","slug":"comunali-palermo-meloni-a-sostegno-di-lagalla-ha-percorso-radicato","status":"publish","type":"post","link":"https:\/\/www.messinaoggi.it\/website\/2022\/06\/01\/comunali-palermo-meloni-a-sostegno-di-lagalla-ha-percorso-radicato\/","title":{"rendered":"Comunali Palermo, Meloni a sostegno di Lagalla \u201cHa percorso radicato\u201d"},"content":{"rendered":"<div>\n<p>PALERMO (ITALPRESS) \u2013 Prima Messina, poi Palermo. Giornata siciliana per la presidente di Fratelli d\u2019Italia Giorgia Meloni in vista delle elezioni Amministrative del 12 giugno. Dopo il comizio elettorale a favore del candidato sindaco di Messina Maurizio Croce, la leader di FdI \u00e8 salita sul palco in piazza Verdi, a Palermo, per sostenere il candidato sindaco del capoluogo siciliano per il Centrodestra Roberto Lagalla. \u201cHa un percorso radicato in questa regione \u2013 ha detto Meloni \u2013 volevamo un candidato che dicesse a Palermo che il declino non \u00e8 un destino ma una scelta. Palermo \u00e8 una citt\u00e0 in cui il degrado ti rincorre anche dopo che sei morto e questo la citt\u00e0 non lo merita perch\u00e8 ha una storia e un ruolo storicamente riconosciuti\u201d. Orgoglioso dell\u2019unit\u00e0 del Centrodestra il candidato sindaco Lagalla: \u201cFratelli d\u2019Italia \u00e8 stato il primo partito nazionale a sostenere la mia candidatura. Ha compiuto un grande gesto di generosit\u00e0 e coraggio, aprendo la la strada alla ricomposizione del Centrodestra a Palermo. Un valore, quello dell\u2019unit\u00e0, da perseguire e coltivate. Anche perch\u00e8 solo se uniti e vigili nei confronti del governo nazionale potremo ottenere per Palermo ci\u00f2 che \u00e8 stato garantito a Torino e Napoli, finanziati con oltre un miliardo di euro ciascuno\u201d. Giorgia Meloni, rispondendo alle domande dei cronisti, parla anche delle prossime elezioni Regionali in Sicilia. \u201cHo accettato mio malgrado di attendere la fine delle elezioni amministrative ma non attender\u00f2 oltre. Questo \u00e8 il dibattito che si aprir\u00e0 se fosse necessario aprirlo. Ma io confido che non si dovr\u00e0 andare da soli\u201d. \u201cCredo che Musumeci debba rimanere il candidato del centrodestra \u2013 ha aggiunto -. Non c\u2019\u00e8 una ragione per la quale non debba essere confermato. Ha lavorato bene. Cinque anni fa la Sicilia era sempre fanalino di coda in tutte le classifiche. Oggi invece \u00e8 riuscita ad arrivare in vetta a molte di queste. Non capisco perch\u00e8 ci siano questi tentennamenti a maggiore ragione perch\u00e8 ho chiesto apertamente se ci fossero alternative e nessuno le ha. A me non \u00e8 chiaro. E sono convinto che alla fine tutti confermeranno la ricandidatura di Musumeci ma non comprendo perch\u00e8 si stia perdendo tempo in una campagna elettorale che \u00e8 importante per confermare il buongoverno di Nello e perch\u00e8 \u00e8 ultima elezione prima delle politiche\u201d.<br \/>(ITALPRESS).<div id=\"div-gpt-ad-Messinaoggi.it-DSK-300x250-corpoart\" style=\"text-align:center;margin:0 auto;\"><\/div><\/p>\n<p> \u2013 foto xd5 \u2013<div id=\"videoincontent\" style=\"clear:both\";><\/div><\/p>\n<\/div>\n","protected":false},"excerpt":{"rendered":"<p>PALERMO (ITALPRESS) \u2013 Prima Messina, poi Palermo. Giornata siciliana per la presidente di Fratelli d\u2019Italia Giorgia Meloni in vista delle elezioni Amministrative del 12 giugno. Dopo il comizio elettorale a favore del candidato sindaco di Messina Maurizio Croce, la leader di FdI \u00e8 salita sul palco in piazza Verdi, a Palermo, per sostenere il candidato [&hellip;]<\/p>\n","protected":false},"author":18,"featured_media":109894,"comment_status":"closed","ping_status":"closed","sticky":false,"template":"","format":"standard","meta":{"ub_ctt_via":"","_mi_skip_tracking":false},"categories":[2449],"tags":[783],"featured_image_src":"https:\/\/www.messinaoggi.it\/website\/wp-content\/uploads\/2022\/06\/20220601_2105.jpg","author_info":{"display_name":"Admin","author_link":"https:\/\/www.messinaoggi.it\/website\/author\/admin\/"},"digistream_id":0,"digistream":false,"_links":{"self":[{"href":"https:\/\/www.messinaoggi.it\/website\/wp-json\/wp\/v2\/posts\/109893"}],"collection":[{"href":"https:\/\/www.messinaoggi.it\/website\/wp-json\/wp\/v2\/posts"}],"about":[{"href":"https:\/\/www.messinaoggi.it\/website\/wp-json\/wp\/v2\/types\/post"}],"author":[{"embeddable":true,"href":"https:\/\/www.messinaoggi.it\/website\/wp-json\/wp\/v2\/users\/18"}],"replies":[{"embeddable":true,"href":"https:\/\/www.messinaoggi.it\/website\/wp-json\/wp\/v2\/comments?post=109893"}],"version-history":[{"count":0,"href":"https:\/\/www.messinaoggi.it\/website\/wp-json\/wp\/v2\/posts\/109893\/revisions"}],"wp:featuredmedia":[{"embeddable":true,"href":"https:\/\/www.messinaoggi.it\/website\/wp-json\/wp\/v2\/media\/109894"}],"wp:attachment":[{"href":"https:\/\/www.messinaoggi.it\/website\/wp-json\/wp\/v2\/media?parent=109893"}],"wp:term":[{"taxonomy":"category","embeddable":true,"href":"https:\/\/www.messinaoggi.it\/website\/wp-json\/wp\/v2\/categories?post=109893"},{"taxonomy":"post_tag","embeddable":true,"href":"https:\/\/www.messinaoggi.it\/website\/wp-json\/wp\/v2\/tags?post=109893"}],"curies":[{"name":"wp","href":"https:\/\/api.w.org\/{rel}","templated":true}]}}