{"id":109836,"date":"2022-06-01T12:07:32","date_gmt":"2022-06-01T10:07:32","guid":{"rendered":"https:\/\/www.messinaoggi.it\/website\/2022\/06\/01\/leone-doro-alla-carriera-a-catherine-deneuve\/"},"modified":"2022-06-01T12:07:32","modified_gmt":"2022-06-01T10:07:32","slug":"leone-doro-alla-carriera-a-catherine-deneuve","status":"publish","type":"post","link":"https:\/\/www.messinaoggi.it\/website\/2022\/06\/01\/leone-doro-alla-carriera-a-catherine-deneuve\/","title":{"rendered":"Leone d\u2019oro alla carriera a Catherine Deneuve"},"content":{"rendered":"<div>VENEZIA (ITALPRESS) &#8211; E&#8217; stato attribuito a Catherine Deneuve il Leone d&#8217;oro alla carriera della 79. Mostra Internazionale d&#8217;Arte Cinematografica della Biennale di Venezia (31 agosto &#8211; 10 settembre 2022). La decisione \u00e8 stata presa dal Cda della Biennale di Venezia, che ha fatto propria la proposta del Direttore della Mostra Alberto Barbera. <br \/>&#8220;E&#8217; una gioia ricevere questo premio prestigioso alla Mostra di Venezia, che amo e conosco da molto tempo, da quando Bella di giorno di Luis Bu\u00f1uel ha ricevuto a suo tempo il Leone d&#8217;oro &#8211; ha dichiarato Catherine Deneuve &#8211; E&#8217; un onore inoltre essere stata scelta per questo omaggio dalla Mostra, perch\u00e8 mi ha accompagnato molto spesso per tanti film. Grazie. Con amicizia&#8221;.<br \/>A proposito di questo riconoscimento, il Direttore Alberto Barbera ha dichiarato: &#8220;Un numero impressionante di film, la maggior parte dei quali grandi successi internazionali. Una quantit\u00e0 altrettanto ragguardevole di premi ottenuti nei maggiori festival del mondo, cui si deve aggiungere una candidatura all&#8217;Oscar come miglior attrice protagonista, privilegio raro per un&#8217;artista non americana. Un susseguirsi di sodalizi artistici con alcuni tra i pi\u00f9 importanti registi e attori europei: Roger Vadim, Jacques Demy, Luis Bu\u00f1uel, Fran\u00e7ois Truffaut, Roman Polanski, Marco Ferreri, Marcello Mastroianni e G\u00e8rard Depardieu. Un indiscutibile talento al servizio di doti d&#8217;interprete cui una bellezza raffinata e fuori del comune hanno contribuito a farne il volto stesso del cinema d&#8217;Oltralpe, una diva senza tempo, una vera e propria icona del grande schermo. Da figura tra le pi\u00f9 rappresentative della Nouvelle Vague e testimone privilegiata di un&#8217;idea di stile che s&#8217;identifica con la moda d&#8217;oltralpe, Catherine Deneuve \u00e8 passata a incarnare l&#8217;essenza della diva universalmente riconosciuta, affermandosi tra le pi\u00f9 grandi interpreti della storia del cinema. <br \/>Per questi motivi assume particolare rilievo il Leone d&#8217;oro alla carriera che la Mostra Internazionale d&#8217;Arte Cinematografica della Biennale di Venezia le attribuisce in occasione del 90. anniversario dalla prima edizione del festival veneziano, dopo il Leone d&#8217;oro vinto con Bella di giorno di Luis Bu\u00f1uel nel 1967 e la Coppa Volpi come miglior attrice per Place Vend\u00f2me di Nicole Garcia nel 1998&#8243;.<br \/>-foto ufficio stampa Biennale Venezia &#8211;<br \/>(ITALPRESS).<\/div>\n<div id=\"div-gpt-ad-Messinaoggi.it-DSK-300x250-corpoart\" style=\"text-align:center;margin:0 auto;\"><\/div><\/p><div id=\"videoincontent\" style=\"clear:both\";><\/div>","protected":false},"excerpt":{"rendered":"<p>VENEZIA (ITALPRESS) &#8211; E&#8217; stato attribuito a Catherine Deneuve il Leone d&#8217;oro alla carriera della 79. Mostra Internazionale d&#8217;Arte Cinematografica della Biennale di Venezia (31 agosto &#8211; 10 settembre 2022). La decisione \u00e8 stata presa dal Cda della Biennale di Venezia, che ha fatto propria la proposta del Direttore della Mostra Alberto Barbera. &#8220;E&#8217; una [&hellip;]<\/p>\n","protected":false},"author":18,"featured_media":109837,"comment_status":"closed","ping_status":"closed","sticky":false,"template":"","format":"standard","meta":{"ub_ctt_via":"","_mi_skip_tracking":false},"categories":[446],"tags":[783],"featured_image_src":"https:\/\/www.messinaoggi.it\/website\/wp-content\/uploads\/2022\/06\/20220601_0437.jpg","author_info":{"display_name":"Admin","author_link":"https:\/\/www.messinaoggi.it\/website\/author\/admin\/"},"digistream_id":0,"digistream":false,"_links":{"self":[{"href":"https:\/\/www.messinaoggi.it\/website\/wp-json\/wp\/v2\/posts\/109836"}],"collection":[{"href":"https:\/\/www.messinaoggi.it\/website\/wp-json\/wp\/v2\/posts"}],"about":[{"href":"https:\/\/www.messinaoggi.it\/website\/wp-json\/wp\/v2\/types\/post"}],"author":[{"embeddable":true,"href":"https:\/\/www.messinaoggi.it\/website\/wp-json\/wp\/v2\/users\/18"}],"replies":[{"embeddable":true,"href":"https:\/\/www.messinaoggi.it\/website\/wp-json\/wp\/v2\/comments?post=109836"}],"version-history":[{"count":0,"href":"https:\/\/www.messinaoggi.it\/website\/wp-json\/wp\/v2\/posts\/109836\/revisions"}],"wp:featuredmedia":[{"embeddable":true,"href":"https:\/\/www.messinaoggi.it\/website\/wp-json\/wp\/v2\/media\/109837"}],"wp:attachment":[{"href":"https:\/\/www.messinaoggi.it\/website\/wp-json\/wp\/v2\/media?parent=109836"}],"wp:term":[{"taxonomy":"category","embeddable":true,"href":"https:\/\/www.messinaoggi.it\/website\/wp-json\/wp\/v2\/categories?post=109836"},{"taxonomy":"post_tag","embeddable":true,"href":"https:\/\/www.messinaoggi.it\/website\/wp-json\/wp\/v2\/tags?post=109836"}],"curies":[{"name":"wp","href":"https:\/\/api.w.org\/{rel}","templated":true}]}}