{"id":109828,"date":"2022-06-01T11:07:40","date_gmt":"2022-06-01T09:07:40","guid":{"rendered":"https:\/\/www.messinaoggi.it\/website\/2022\/06\/01\/salvini-il-mio-obiettivo-e-la-pace-lavoro-alla-luce-del-sole\/"},"modified":"2022-06-01T11:07:40","modified_gmt":"2022-06-01T09:07:40","slug":"salvini-il-mio-obiettivo-e-la-pace-lavoro-alla-luce-del-sole","status":"publish","type":"post","link":"https:\/\/www.messinaoggi.it\/website\/2022\/06\/01\/salvini-il-mio-obiettivo-e-la-pace-lavoro-alla-luce-del-sole\/","title":{"rendered":"Salvini \u201cIl mio obiettivo \u00e8 la pace, lavoro alla luce del sole\u201d"},"content":{"rendered":"<div>ROMA (ITALPRESS) &#8211; &#8220;Per la pace si lavora con ambasciatori e governi di tanti Paesi, alla luce del sole, comunicandolo anche a giornali e tiv\u00f9 pi\u00f9 volte, avendo come unico obiettivo la fine della guerra. Io l&#8217;ho fatto e continuer\u00f2 a farlo, spero in compagnia di tanti colleghi che in questi giorni criticano e chiacchierano, ma per arrivare alla pace non muovono un dito, preferendo parlare di armi e guerra&#8221;. Lo dice il leader della Lega Matteo Salvini.<br \/>-foto agenziafotogramma.it-<br \/>(ITALPRESS).<\/div>\n<div id=\"div-gpt-ad-Messinaoggi.it-DSK-300x250-corpoart\" style=\"text-align:center;margin:0 auto;\"><\/div><\/p><div id=\"videoincontent\" style=\"clear:both\";><\/div>","protected":false},"excerpt":{"rendered":"<p>ROMA (ITALPRESS) &#8211; &#8220;Per la pace si lavora con ambasciatori e governi di tanti Paesi, alla luce del sole, comunicandolo anche a giornali e tiv\u00f9 pi\u00f9 volte, avendo come unico obiettivo la fine della guerra. Io l&#8217;ho fatto e continuer\u00f2 a farlo, spero in compagnia di tanti colleghi che in questi giorni criticano e chiacchierano, [&hellip;]<\/p>\n","protected":false},"author":18,"featured_media":109829,"comment_status":"closed","ping_status":"closed","sticky":false,"template":"","format":"standard","meta":{"ub_ctt_via":"","_mi_skip_tracking":false},"categories":[446],"tags":[783],"featured_image_src":"https:\/\/www.messinaoggi.it\/website\/wp-content\/uploads\/2022\/06\/20220601_0181.jpg","author_info":{"display_name":"Admin","author_link":"https:\/\/www.messinaoggi.it\/website\/author\/admin\/"},"digistream_id":0,"digistream":false,"_links":{"self":[{"href":"https:\/\/www.messinaoggi.it\/website\/wp-json\/wp\/v2\/posts\/109828"}],"collection":[{"href":"https:\/\/www.messinaoggi.it\/website\/wp-json\/wp\/v2\/posts"}],"about":[{"href":"https:\/\/www.messinaoggi.it\/website\/wp-json\/wp\/v2\/types\/post"}],"author":[{"embeddable":true,"href":"https:\/\/www.messinaoggi.it\/website\/wp-json\/wp\/v2\/users\/18"}],"replies":[{"embeddable":true,"href":"https:\/\/www.messinaoggi.it\/website\/wp-json\/wp\/v2\/comments?post=109828"}],"version-history":[{"count":0,"href":"https:\/\/www.messinaoggi.it\/website\/wp-json\/wp\/v2\/posts\/109828\/revisions"}],"wp:featuredmedia":[{"embeddable":true,"href":"https:\/\/www.messinaoggi.it\/website\/wp-json\/wp\/v2\/media\/109829"}],"wp:attachment":[{"href":"https:\/\/www.messinaoggi.it\/website\/wp-json\/wp\/v2\/media?parent=109828"}],"wp:term":[{"taxonomy":"category","embeddable":true,"href":"https:\/\/www.messinaoggi.it\/website\/wp-json\/wp\/v2\/categories?post=109828"},{"taxonomy":"post_tag","embeddable":true,"href":"https:\/\/www.messinaoggi.it\/website\/wp-json\/wp\/v2\/tags?post=109828"}],"curies":[{"name":"wp","href":"https:\/\/api.w.org\/{rel}","templated":true}]}}