{"id":109761,"date":"2022-05-31T19:07:38","date_gmt":"2022-05-31T17:07:38","guid":{"rendered":"https:\/\/www.messinaoggi.it\/website\/2022\/05\/31\/mancini-contro-largentina-si-concludera-un-ciclo\/"},"modified":"2022-05-31T19:07:38","modified_gmt":"2022-05-31T17:07:38","slug":"mancini-contro-largentina-si-concludera-un-ciclo","status":"publish","type":"post","link":"https:\/\/www.messinaoggi.it\/website\/2022\/05\/31\/mancini-contro-largentina-si-concludera-un-ciclo\/","title":{"rendered":"Mancini \u201cContro l\u2019Argentina si concluder\u00e0 un ciclo\u201d"},"content":{"rendered":"<div>LONDRA (INGHILTERRA) (ITALPRESS) &#8211; &#8220;A luglio eravamo qui a festeggiare e sicuramente c&#8217;\u00e8 un p\u00f2 di emozione. E&#8217; bello giocare questa partita, Italia-Argentina \u00e8 una classica del calcio mondiale e domani sar\u00e0 una grande sfida&#8221;. Lo ha detto il<br \/>ct della Nazionale, Roberto Mancini, in conferenza stampa alla vigilia della sfida contro l&#8217;Argentina per la &#8216;Finalissima 2022&#8217; a Wembley, stadio dove l&#8217;Italia l&#8217;estate scorsa si \u00e8 laureata campione d&#8217;Europa. &#8220;Anche se contiamo qualche defezione, possiamo dare spettacolo &#8211; ha sottolineato il tecnico azzurro &#8211; Dispiace non avere Chiesa, Immobile, Berardi e Verratti, ma anche cos\u00ec siamo forti, come lo \u00e8 l&#8217;Argentina&#8221;. Il &#8216;Manci\u00f2 ha annunciato anche che, con la sfida alla selezione di Scaloni, &#8220;si concluder\u00e0 un ciclo. Dalla prossima partita inseriremo dei giovani per il futuro&#8221;. Nel frattempo, con l&#8217;Argentina, toccher\u00e0 a Belotti: &#8220;E&#8217; sereno, cos\u00ec come tutti gli altri. Sar\u00e0 lui domani il titolare perch\u00e8 all&#8217;Europeo era il nostro secondo attaccante&#8221;. Maradona? Ho avuto la fortuna di giocarci contro per tanti anni. Mi dispiace che Diego non sia qui con noi, lo ricorderemo&#8221;, ha concluso il mister dell&#8217;Italia.<br \/>&#8211; foto LivePhotoSport &#8211;<br \/>(ITALPRESS).<\/div>\n<div id=\"div-gpt-ad-Messinaoggi.it-DSK-300x250-corpoart\" style=\"text-align:center;margin:0 auto;\"><\/div><\/p><div id=\"videoincontent\" style=\"clear:both\";><\/div>","protected":false},"excerpt":{"rendered":"<p>LONDRA (INGHILTERRA) (ITALPRESS) &#8211; &#8220;A luglio eravamo qui a festeggiare e sicuramente c&#8217;\u00e8 un p\u00f2 di emozione. E&#8217; bello giocare questa partita, Italia-Argentina \u00e8 una classica del calcio mondiale e domani sar\u00e0 una grande sfida&#8221;. Lo ha detto ilct della Nazionale, Roberto Mancini, in conferenza stampa alla vigilia della sfida contro l&#8217;Argentina per la &#8216;Finalissima [&hellip;]<\/p>\n","protected":false},"author":18,"featured_media":109762,"comment_status":"closed","ping_status":"closed","sticky":false,"template":"","format":"standard","meta":{"ub_ctt_via":"","_mi_skip_tracking":false},"categories":[446],"tags":[783],"featured_image_src":"https:\/\/www.messinaoggi.it\/website\/wp-content\/uploads\/2022\/05\/20220531_1868.jpg","author_info":{"display_name":"Admin","author_link":"https:\/\/www.messinaoggi.it\/website\/author\/admin\/"},"digistream_id":0,"digistream":false,"_links":{"self":[{"href":"https:\/\/www.messinaoggi.it\/website\/wp-json\/wp\/v2\/posts\/109761"}],"collection":[{"href":"https:\/\/www.messinaoggi.it\/website\/wp-json\/wp\/v2\/posts"}],"about":[{"href":"https:\/\/www.messinaoggi.it\/website\/wp-json\/wp\/v2\/types\/post"}],"author":[{"embeddable":true,"href":"https:\/\/www.messinaoggi.it\/website\/wp-json\/wp\/v2\/users\/18"}],"replies":[{"embeddable":true,"href":"https:\/\/www.messinaoggi.it\/website\/wp-json\/wp\/v2\/comments?post=109761"}],"version-history":[{"count":0,"href":"https:\/\/www.messinaoggi.it\/website\/wp-json\/wp\/v2\/posts\/109761\/revisions"}],"wp:featuredmedia":[{"embeddable":true,"href":"https:\/\/www.messinaoggi.it\/website\/wp-json\/wp\/v2\/media\/109762"}],"wp:attachment":[{"href":"https:\/\/www.messinaoggi.it\/website\/wp-json\/wp\/v2\/media?parent=109761"}],"wp:term":[{"taxonomy":"category","embeddable":true,"href":"https:\/\/www.messinaoggi.it\/website\/wp-json\/wp\/v2\/categories?post=109761"},{"taxonomy":"post_tag","embeddable":true,"href":"https:\/\/www.messinaoggi.it\/website\/wp-json\/wp\/v2\/tags?post=109761"}],"curies":[{"name":"wp","href":"https:\/\/api.w.org\/{rel}","templated":true}]}}