{"id":10976,"date":"2017-11-06T10:10:42","date_gmt":"2017-11-06T09:10:42","guid":{"rendered":"http:\/\/www.messinaoggi.it\/website\/?p=10976"},"modified":"2017-11-06T10:10:42","modified_gmt":"2017-11-06T09:10:42","slug":"maltempo-disagi-ed-allagamenti-acqua-alta-in-via-la-farina","status":"publish","type":"post","link":"https:\/\/www.messinaoggi.it\/website\/2017\/11\/06\/maltempo-disagi-ed-allagamenti-acqua-alta-in-via-la-farina\/","title":{"rendered":"Maltempo: disagi ed allagamenti, &quot;acqua alta&quot; in via La Farina"},"content":{"rendered":"<p>Non si \u00e8 fatta attendere l&#8217;ondata di maltempo che dopo aver creato disagi al Nord ed al Centro Italia si \u00e8 spostata sulla Sicilia settentrionale. Messina si \u00e8 svegliata sotto la pioggia che ha causato i soliti allagamenti.<br \/>\nDiverse le chiamate ai Vigili del fuoco per cantinati e garage allagati, soliti problemi sulla via La Farina che ad ogni acquazzone si trasforma in un torrente in piena con evidenti ripercussioni per la viabilit\u00e0. In alcuni punti l&#8217;acqua ha raggiunto persino i marciapiedi, rendendo impossibile il passaggio pedonale.<br \/>\nAnaloghi problemi in via Garibaldi all&#8217;altezza del teatro &#8220;Vittorio Emanuele&#8221;. Rallentamenti sulla Ss 114 a Contesse ed al rione Taormina, dov&#8217;\u00e8 stato rimosso un cartellone pericolante.<div id=\"div-gpt-ad-Messinaoggi.it-DSK-300x250-corpoart\" style=\"text-align:center;margin:0 auto;\"><\/div><\/p>\n<div id=\"videoincontent\" style=\"clear:both\";><\/div>","protected":false},"excerpt":{"rendered":"<p>Non si \u00e8 fatta attendere l&#8217;ondata di maltempo che dopo aver creato disagi al Nord ed al Centro Italia si \u00e8 spostata sulla Sicilia settentrionale. Messina si \u00e8 svegliata sotto la pioggia che ha causato i soliti allagamenti. Diverse le chiamate ai Vigili del fuoco per cantinati e garage allagati, soliti problemi sulla via La [&hellip;]<\/p>\n","protected":false},"author":2,"featured_media":10977,"comment_status":"closed","ping_status":"open","sticky":false,"template":"","format":"standard","meta":{"ub_ctt_via":"","_mi_skip_tracking":false},"categories":[5],"tags":[],"featured_image_src":"https:\/\/www.messinaoggi.it\/website\/wp-content\/uploads\/2017\/11\/maltempo-allagamento-in-via-La-Farina.jpg","author_info":{"display_name":"Redazione","author_link":"https:\/\/www.messinaoggi.it\/website\/author\/redazione\/"},"digistream_id":0,"digistream":false,"_links":{"self":[{"href":"https:\/\/www.messinaoggi.it\/website\/wp-json\/wp\/v2\/posts\/10976"}],"collection":[{"href":"https:\/\/www.messinaoggi.it\/website\/wp-json\/wp\/v2\/posts"}],"about":[{"href":"https:\/\/www.messinaoggi.it\/website\/wp-json\/wp\/v2\/types\/post"}],"author":[{"embeddable":true,"href":"https:\/\/www.messinaoggi.it\/website\/wp-json\/wp\/v2\/users\/2"}],"replies":[{"embeddable":true,"href":"https:\/\/www.messinaoggi.it\/website\/wp-json\/wp\/v2\/comments?post=10976"}],"version-history":[{"count":0,"href":"https:\/\/www.messinaoggi.it\/website\/wp-json\/wp\/v2\/posts\/10976\/revisions"}],"wp:featuredmedia":[{"embeddable":true,"href":"https:\/\/www.messinaoggi.it\/website\/wp-json\/wp\/v2\/media\/10977"}],"wp:attachment":[{"href":"https:\/\/www.messinaoggi.it\/website\/wp-json\/wp\/v2\/media?parent=10976"}],"wp:term":[{"taxonomy":"category","embeddable":true,"href":"https:\/\/www.messinaoggi.it\/website\/wp-json\/wp\/v2\/categories?post=10976"},{"taxonomy":"post_tag","embeddable":true,"href":"https:\/\/www.messinaoggi.it\/website\/wp-json\/wp\/v2\/tags?post=10976"}],"curies":[{"name":"wp","href":"https:\/\/api.w.org\/{rel}","templated":true}]}}