{"id":109735,"date":"2022-05-31T15:07:32","date_gmt":"2022-05-31T13:07:32","guid":{"rendered":"https:\/\/www.messinaoggi.it\/website\/2022\/05\/31\/bankitalia-visco-la-guerra-ha-peggiorato-le-prospettive-di-crescita\/"},"modified":"2022-05-31T15:07:32","modified_gmt":"2022-05-31T13:07:32","slug":"bankitalia-visco-la-guerra-ha-peggiorato-le-prospettive-di-crescita","status":"publish","type":"post","link":"https:\/\/www.messinaoggi.it\/website\/2022\/05\/31\/bankitalia-visco-la-guerra-ha-peggiorato-le-prospettive-di-crescita\/","title":{"rendered":"Bankitalia, Visco \u201cLa guerra ha peggiorato le prospettive di crescita\u201d"},"content":{"rendered":"<div>ROMA (ITALPRESS) &#8211; La guerra in Ucraina, con le sue conseguenze e soprattutto con le sue incertezze, rischia di compromettere il cammino di crescita dell&#8217;Italia. Il governatore della Banca d&#8217;Italia, Ignazio Visco, mette in guardia il Paese. Davanti ad una platea di economisti, alla presenza della pi\u00f9 alte cariche dello Stato, nelle considerazioni finali sulla relazione annuale 2021ricorda: &#8220;L&#8217;invasione dell&#8217;Ucraina da parte della Russia segna una drammatica cesura nella storia recente. Ha innescato una grave crisi umanitaria e fatto riemergere tensioni tra le diverse aree del mondo che negli ultimi trent&#8217;anni sembravano essere state, se non del tutto superate, durevolmente ridotte. Il nostro primo pensiero \u00e8 oggi rivolto alla popolazione ucraina, a chi ha perso la vita, alle persone costrette ad abbandonare le loro case, a coloro che hanno visto sconvolta la propria quotidianit\u00e0. La guerra ha anche peggiorato di colpo le prospettive di crescita dell&#8217;economia mondiale, in una fase in cui i danni inferti dalla pandemia non sono ancora del tutto riparati&#8221;. <br \/>&#8220;L&#8217;incertezza \u00e8 drasticamente aumentata a livello globale, investe i pilastri sui quali si basa l&#8217;assetto economico e finanziario internazionale emerso dalla fine della Guerra fredda: la convivenza pacifica tra le nazioni, l&#8217;integrazione dei mercati, la cooperazione multilaterale&#8221;, aggiunge Visco. Il Governatore \u00e8 chiaro: &#8220;In aprile valutavamo che il prolungamento del conflitto in Ucraina avrebbe potuto comportare circa 2 punti percentuali in meno di crescita, quest&#8217;anno e il prossimo. Le stime pi\u00f9 recenti delle maggiori organizzazioni internazionali sono simili. Non si possono per\u00f2 escludere sviluppi pi\u00f9 avversi,  una divisione del mondo in blocchi rischierebbe di compromettere i meccanismi che hanno stimolato la crescita e ridotto la povert\u00e0 a livello globale&#8221;. Un conflitto che ha causato, tra l&#8217;altro,  &#8220;un aumento dei prezzi delle materie prime importate&#8221; che per Visco rappresenta &#8220;una tassa ineludibile per il Paese. L&#8217;azione pubblica pu\u00f2 redistribuirne gli effetti tra famiglie, fattori di produzione, generazioni presenti e future, non pu\u00f2 annullare l&#8217;impatto d&#8217;insieme, per quanto riguarda le famiglie, gli interventi calibrati in funzione della loro condizione economica complessiva anzich\u00e8 dei redditi individuali risultano pi\u00f9 efficaci nel contrastare le ripercussioni dell&#8217;inflazione sulla disuguaglianza&#8221;. <br \/>&#8220;Misure mirate consentono, tra l&#8217;altro, di meglio preservare il ruolo dei prezzi come incentivo agli investimenti in fonti rinnovabili e al risparmio energetico&#8221;, spiega Visco. Nonostante il deterioramento del quadro congiunturale, secondo le pi\u00f9 recenti valutazioni della Commissione europea il rapporto tra debito e Pil continuer\u00e0 a scendere in Italia, sia quest&#8217;anno, sia il prossimo, la posizione netta sull&#8217;estero \u00e8 robusta, i produttori italiani competono con successo sui mercati di sblocco, \u00e8 contenuto, nel confronto internazionale , l&#8217;indebitamento delle famiglie e delle imprese, per questo  \u00e8 &#8221; necessario proseguire senza incertezze sul sentiero di graduale rafforzamento dei conti pubblici&#8221;. Il numero uno di Bankitalia sottolinea anche l&#8217;importanza del Piano Nazionale di ripresa e resilienza che costituisce: &#8220;Uno strumento decisivo per affrontare le sfide&#8221; del Paese &#8220;il piano, di dimensioni finanziarie importanti, segna una netta discontinuit\u00e0 nella definizione delle politiche economiche. Disegna una strategia articolata di modernizzazione del paese che coniuga programmi di riforma e investimenti pubblici con quelli privati contribuendo a realizzare la transizione digitale e quella ecologica o &#8216;verd\u00e8&#8221;.<br \/>-foto agenziafotogramma.it-<br \/>(ITALPRESS).<\/div>\n<div id=\"div-gpt-ad-Messinaoggi.it-DSK-300x250-corpoart\" style=\"text-align:center;margin:0 auto;\"><\/div><\/p><div id=\"videoincontent\" style=\"clear:both\";><\/div>","protected":false},"excerpt":{"rendered":"<p>ROMA (ITALPRESS) &#8211; La guerra in Ucraina, con le sue conseguenze e soprattutto con le sue incertezze, rischia di compromettere il cammino di crescita dell&#8217;Italia. Il governatore della Banca d&#8217;Italia, Ignazio Visco, mette in guardia il Paese. Davanti ad una platea di economisti, alla presenza della pi\u00f9 alte cariche dello Stato, nelle considerazioni finali sulla [&hellip;]<\/p>\n","protected":false},"author":18,"featured_media":109736,"comment_status":"closed","ping_status":"closed","sticky":false,"template":"","format":"standard","meta":{"ub_ctt_via":"","_mi_skip_tracking":false},"categories":[446],"tags":[783],"featured_image_src":"https:\/\/www.messinaoggi.it\/website\/wp-content\/uploads\/2022\/05\/20220531_0791.jpg","author_info":{"display_name":"Admin","author_link":"https:\/\/www.messinaoggi.it\/website\/author\/admin\/"},"digistream_id":0,"digistream":false,"_links":{"self":[{"href":"https:\/\/www.messinaoggi.it\/website\/wp-json\/wp\/v2\/posts\/109735"}],"collection":[{"href":"https:\/\/www.messinaoggi.it\/website\/wp-json\/wp\/v2\/posts"}],"about":[{"href":"https:\/\/www.messinaoggi.it\/website\/wp-json\/wp\/v2\/types\/post"}],"author":[{"embeddable":true,"href":"https:\/\/www.messinaoggi.it\/website\/wp-json\/wp\/v2\/users\/18"}],"replies":[{"embeddable":true,"href":"https:\/\/www.messinaoggi.it\/website\/wp-json\/wp\/v2\/comments?post=109735"}],"version-history":[{"count":0,"href":"https:\/\/www.messinaoggi.it\/website\/wp-json\/wp\/v2\/posts\/109735\/revisions"}],"wp:featuredmedia":[{"embeddable":true,"href":"https:\/\/www.messinaoggi.it\/website\/wp-json\/wp\/v2\/media\/109736"}],"wp:attachment":[{"href":"https:\/\/www.messinaoggi.it\/website\/wp-json\/wp\/v2\/media?parent=109735"}],"wp:term":[{"taxonomy":"category","embeddable":true,"href":"https:\/\/www.messinaoggi.it\/website\/wp-json\/wp\/v2\/categories?post=109735"},{"taxonomy":"post_tag","embeddable":true,"href":"https:\/\/www.messinaoggi.it\/website\/wp-json\/wp\/v2\/tags?post=109735"}],"curies":[{"name":"wp","href":"https:\/\/api.w.org\/{rel}","templated":true}]}}