{"id":109718,"date":"2022-05-31T13:07:33","date_gmt":"2022-05-31T11:07:33","guid":{"rendered":"https:\/\/www.messinaoggi.it\/website\/2022\/05\/31\/letta-pronti-ad-accordo-sul-salario-minimo-entro-legislatura\/"},"modified":"2022-05-31T13:07:33","modified_gmt":"2022-05-31T11:07:33","slug":"letta-pronti-ad-accordo-sul-salario-minimo-entro-legislatura","status":"publish","type":"post","link":"https:\/\/www.messinaoggi.it\/website\/2022\/05\/31\/letta-pronti-ad-accordo-sul-salario-minimo-entro-legislatura\/","title":{"rendered":"Letta \u201cPronti ad accordo sul salario minimo entro legislatura\u201d"},"content":{"rendered":"<div>ROMA (ITALPRESS) &#8211; &#8220;Noi abbiamo fatto una Agor\u00e0 democratica su questo tema da cui sono uscite un corpo di proposte importanti che hanno a che vedere con la priorit\u00e0 del salario per i giovani. Anche la nostra proposta di salario minimo \u00e8 sul tappeto e abbiamo intenzione di portarla avanti nel confronto con gli altri partiti, facendo s\u00ec che entro questa legislatura si arrivi a un accordo&#8221;. Lo ha detto il segretario del Pd, Enrico Letta, a margine della segreteria del partito. &#8220;La questione salariale esiste nel nostro Paese, non la si pu\u00f2 negare, ora \u00e8 acuita dalla crescita dell&#8217;inflazione. La questione salariale fa parte del cuore delle priorit\u00e0 del Pd&#8221;, ha aggiunto. <br \/>&#8211; foto agenziafotogramma.it-<br \/>(ITALPRESS).<\/div>\n<div id=\"div-gpt-ad-Messinaoggi.it-DSK-300x250-corpoart\" style=\"text-align:center;margin:0 auto;\"><\/div><\/p><div id=\"videoincontent\" style=\"clear:both\";><\/div>","protected":false},"excerpt":{"rendered":"<p>ROMA (ITALPRESS) &#8211; &#8220;Noi abbiamo fatto una Agor\u00e0 democratica su questo tema da cui sono uscite un corpo di proposte importanti che hanno a che vedere con la priorit\u00e0 del salario per i giovani. Anche la nostra proposta di salario minimo \u00e8 sul tappeto e abbiamo intenzione di portarla avanti nel confronto con gli altri [&hellip;]<\/p>\n","protected":false},"author":18,"featured_media":109719,"comment_status":"closed","ping_status":"closed","sticky":false,"template":"","format":"standard","meta":{"ub_ctt_via":"","_mi_skip_tracking":false},"categories":[446],"tags":[783],"featured_image_src":"https:\/\/www.messinaoggi.it\/website\/wp-content\/uploads\/2022\/05\/20220531_0513.jpg","author_info":{"display_name":"Admin","author_link":"https:\/\/www.messinaoggi.it\/website\/author\/admin\/"},"digistream_id":0,"digistream":false,"_links":{"self":[{"href":"https:\/\/www.messinaoggi.it\/website\/wp-json\/wp\/v2\/posts\/109718"}],"collection":[{"href":"https:\/\/www.messinaoggi.it\/website\/wp-json\/wp\/v2\/posts"}],"about":[{"href":"https:\/\/www.messinaoggi.it\/website\/wp-json\/wp\/v2\/types\/post"}],"author":[{"embeddable":true,"href":"https:\/\/www.messinaoggi.it\/website\/wp-json\/wp\/v2\/users\/18"}],"replies":[{"embeddable":true,"href":"https:\/\/www.messinaoggi.it\/website\/wp-json\/wp\/v2\/comments?post=109718"}],"version-history":[{"count":0,"href":"https:\/\/www.messinaoggi.it\/website\/wp-json\/wp\/v2\/posts\/109718\/revisions"}],"wp:featuredmedia":[{"embeddable":true,"href":"https:\/\/www.messinaoggi.it\/website\/wp-json\/wp\/v2\/media\/109719"}],"wp:attachment":[{"href":"https:\/\/www.messinaoggi.it\/website\/wp-json\/wp\/v2\/media?parent=109718"}],"wp:term":[{"taxonomy":"category","embeddable":true,"href":"https:\/\/www.messinaoggi.it\/website\/wp-json\/wp\/v2\/categories?post=109718"},{"taxonomy":"post_tag","embeddable":true,"href":"https:\/\/www.messinaoggi.it\/website\/wp-json\/wp\/v2\/tags?post=109718"}],"curies":[{"name":"wp","href":"https:\/\/api.w.org\/{rel}","templated":true}]}}