{"id":109713,"date":"2022-05-31T12:07:39","date_gmt":"2022-05-31T10:07:39","guid":{"rendered":"https:\/\/www.messinaoggi.it\/website\/2022\/05\/31\/ita-airways-si-rinnova-allinsegna-del-made-in-italy\/"},"modified":"2022-05-31T12:07:39","modified_gmt":"2022-05-31T10:07:39","slug":"ita-airways-si-rinnova-allinsegna-del-made-in-italy","status":"publish","type":"post","link":"https:\/\/www.messinaoggi.it\/website\/2022\/05\/31\/ita-airways-si-rinnova-allinsegna-del-made-in-italy\/","title":{"rendered":"Ita Airways si rinnova all\u2019insegna del Made in Italy"},"content":{"rendered":"<div>ROMA (ITALPRESS) &#8211; Proprio nella settimana della Festa della Repubblica, ricorrenza simbolo per eccellenza dell&#8217;Italia, ITA Airways pone un&#8217;altra pietra miliare nel suo processo di evoluzione come nuova compagnia di bandiera italiana. <br \/>A poco pi\u00f9 di 6 mesi dall&#8217;inizio dell&#8217;operativit\u00e0 partita il 15 ottobre del 2021, a tempi di record per il settore aereo, in un contesto internazionale inaspettato e complesso, grazie all&#8217;impegno e alla dedizione di tutto l&#8217;organico della Societ\u00e0, ITA Airways mantiene fede al suo piano e lo fa all&#8217;insegna del Made in Italy e della sostenibilit\u00e0. Infatti, il nuovo Airbus A350, il primo in Italia ed il primo della Societ\u00e0, rappresenta il nuovo Ambasciatore di ITA Airways nel mondo, fregiandosi della sapiente maestria di tre prestigiosi talenti italiani, per l&#8217;evoluzione della sua immagine: le nuove divise nate dal team ITA Airways insieme all&#8217;amabile consulenza stilistica di Brunello Cucinelli; i nuovi interni degli aerei creati dal designer Walter De Silva; il nuovo catering di bordo studiato dallo Chef stellato Enrico Bartolini. <br \/>L&#8217;emblema dell&#8217;eccellenza, dello stile, dell&#8217;eleganza, del gusto e in una sola parola della creativit\u00e0 italiana diventa parte integrante di ITA Airways e sottolinea lo stretto legame della Compagnia con il territorio e le passioni degli italiani, prima fra tutte lo sport. <br \/>Ad avvalorare il forte legame con lo spirito azzurro, domani 1\u00b0 giugno, ITA Airways porter\u00e0 in volo la nazionale di calcio per la partita contro la nazionale argentina che si terr\u00e0 allo stadio di Wembley. <br \/>Il volo speciale ITA Airways della nazionale rappresenta il calcio di inizio della rinnovata collaborazione del vettore di bandiera con il mondo dello sport, a cui \u00e8 dedicata la nuova livrea dei suoi nuovi Airbus A319, A320, A330 e A350, che portano il nome dei grandi campioni e campionesse della storia sportiva italiana. <br \/>Il 2 giugno al taglio del nastro del nuovo volo di ITA Airways Roma Fiumicino &#8211; Buenos Aires sar\u00e0 presente il campione Roberto Baggio a cui \u00e8 stato intitolato l&#8217;Airbus A350 in volo per la prima volta con le nuove divise, il nuovo catering e i nuovi interni. L&#8217;Airbus A350 sar\u00e0 il primo aeromobile ad avere a bordo tutte le novit\u00e0 della compagnia che saranno inserite gradualmente in tutta la flotta. <br \/>&#8220;L&#8217;idea di questa consulenza stilistica con ITA Airways nasce certamente da una vocazione comune, quella di trasferire anche attraverso le uniformi del personale di bordo lo stile del bel vestire italiano&#8221; &#8211; ha commentato Brunello Cucinelli &#8211; &#8220;cos\u00ec da rappresentare un&#8217;Italia, riconosciuta a livello internazionale come la culla di una cultura ispirata alla bellezza, all&#8217;arte e alle tradizioni. Questo anche attraverso il grande contributo delle medie imprese nazionali d&#8217;alta qualit\u00e0 che le produrranno, grazie a questa nuova idea sviluppata insieme ad ITA Airways&#8221;.<br \/>&#8220;Per realizzare la proposta gastronomica di bordo ITA Airways, ci siamo ispirati alle eccellenze enogastronomiche del nostro Paese, alla tradizione della cucina italiana realizzata con materie prime di qualit\u00e0 e con un approccio contemporaneo, ma allo stesso tempo semplice ed elegante per offrire ai clienti un servizio che ha l&#8217;Italia nel cuore. Sono onorato di far parte della squadra di chef che si alterneranno a bordo, un progetto davvero innovativo della nostra compagnia di bandiera, un messaggio straordinario di grande armonia nazionale e respiro internazionale&#8221;, ha affermato Enrico Bartolini.<br \/>&#8220;Il design \u00e8 un linguaggio trasversale e universale e gli interni di un aereo, come ogni spazio in movimento, costituiscono un luogo da condividere. Un luogo che, ruotando sempre di pi\u00f9 intorno ai viaggiatori, entra direttamente e profondamente nello stato d&#8217;animo e nell&#8217;umore di ogni singola persona&#8221; ha dichiarato Walter De Silva. &#8220;Nel progetto con ITA Airways, mi ha subito accarezzato la mente l&#8217;idea di prendere a prestito la famosissima canzone di Gino Paoli &#8220;Il Cielo in una stanz\u00e0 ovvero riportare all&#8217;interno del velivolo una sensazione piacevole ma coerente con la modalit\u00e0 scelta per un viaggio sopra le nuvole&#8221;. <br \/>&#8211; foto ufficio stampa Ita Airways &#8211; <br \/>(ITALPRESS).<\/div>\n<div id=\"div-gpt-ad-Messinaoggi.it-DSK-300x250-corpoart\" style=\"text-align:center;margin:0 auto;\"><\/div><\/p><div id=\"videoincontent\" style=\"clear:both\";><\/div>","protected":false},"excerpt":{"rendered":"<p>ROMA (ITALPRESS) &#8211; Proprio nella settimana della Festa della Repubblica, ricorrenza simbolo per eccellenza dell&#8217;Italia, ITA Airways pone un&#8217;altra pietra miliare nel suo processo di evoluzione come nuova compagnia di bandiera italiana. A poco pi\u00f9 di 6 mesi dall&#8217;inizio dell&#8217;operativit\u00e0 partita il 15 ottobre del 2021, a tempi di record per il settore aereo, in [&hellip;]<\/p>\n","protected":false},"author":18,"featured_media":109714,"comment_status":"closed","ping_status":"closed","sticky":false,"template":"","format":"standard","meta":{"ub_ctt_via":"","_mi_skip_tracking":false},"categories":[446],"tags":[783],"featured_image_src":"https:\/\/www.messinaoggi.it\/website\/wp-content\/uploads\/2022\/05\/20220531_0370.jpg","author_info":{"display_name":"Admin","author_link":"https:\/\/www.messinaoggi.it\/website\/author\/admin\/"},"digistream_id":0,"digistream":false,"_links":{"self":[{"href":"https:\/\/www.messinaoggi.it\/website\/wp-json\/wp\/v2\/posts\/109713"}],"collection":[{"href":"https:\/\/www.messinaoggi.it\/website\/wp-json\/wp\/v2\/posts"}],"about":[{"href":"https:\/\/www.messinaoggi.it\/website\/wp-json\/wp\/v2\/types\/post"}],"author":[{"embeddable":true,"href":"https:\/\/www.messinaoggi.it\/website\/wp-json\/wp\/v2\/users\/18"}],"replies":[{"embeddable":true,"href":"https:\/\/www.messinaoggi.it\/website\/wp-json\/wp\/v2\/comments?post=109713"}],"version-history":[{"count":0,"href":"https:\/\/www.messinaoggi.it\/website\/wp-json\/wp\/v2\/posts\/109713\/revisions"}],"wp:featuredmedia":[{"embeddable":true,"href":"https:\/\/www.messinaoggi.it\/website\/wp-json\/wp\/v2\/media\/109714"}],"wp:attachment":[{"href":"https:\/\/www.messinaoggi.it\/website\/wp-json\/wp\/v2\/media?parent=109713"}],"wp:term":[{"taxonomy":"category","embeddable":true,"href":"https:\/\/www.messinaoggi.it\/website\/wp-json\/wp\/v2\/categories?post=109713"},{"taxonomy":"post_tag","embeddable":true,"href":"https:\/\/www.messinaoggi.it\/website\/wp-json\/wp\/v2\/tags?post=109713"}],"curies":[{"name":"wp","href":"https:\/\/api.w.org\/{rel}","templated":true}]}}