{"id":109682,"date":"2022-05-30T20:02:34","date_gmt":"2022-05-30T18:02:34","guid":{"rendered":"https:\/\/www.messinaoggi.it\/website\/2022\/05\/30\/letta-dalla-sicilia-un-messaggio-di-unita-per-i-progressisti\/"},"modified":"2022-05-30T20:02:34","modified_gmt":"2022-05-30T18:02:34","slug":"letta-dalla-sicilia-un-messaggio-di-unita-per-i-progressisti","status":"publish","type":"post","link":"https:\/\/www.messinaoggi.it\/website\/2022\/05\/30\/letta-dalla-sicilia-un-messaggio-di-unita-per-i-progressisti\/","title":{"rendered":"Letta \u201cDalla Sicilia un messaggio di unit\u00e0 per i progressisti\u201d"},"content":{"rendered":"<div>\n<p>MESSINA (ITALPRESS) \u2013 \u201cDalla Sicilia arriver\u00e0 un grande messaggio di unit\u00e0 a livello nazionale per i progressisti. La Sicilia per noi sar\u00e0 centrale\u201d. Lo ha dichiarato Enrico Letta, a Messina per la campagna elettorale a favore del candidato sindaco Franco De Domenico. \u201cSono felice di essere qui \u2013 ha detto il segretario nazionale del Pd \u2013 accanto a Franco De Domenico. Franco sar\u00e0 un grande sindaco. Queste elezioni amministrative giocano un ruolo fondamentale a livello regionale, per noi questo impegno che De Domenico sta portando avanti, con una coalizione ampia, \u00e8 molto importante. E\u2019 la prima tappa di avvicinamento alle regionali di autunno, abbiamo iniziato una discussione molto produttiva sul metodo di scelta del candidato o della candidata. Le<br \/>primarie rappresentano una forma di coinvolgimento e di apertura ai siciliani: \u00e8 il modo migliore per scegliere un candidato o una candidata che possa essere vincente. Sono sicuro vinceremo le elezioni regionali e saremo ancora pi\u00f9 forti per le elezioni nazionali\u201d. <br \/>Letta ha parlato anche delle risorse che arrivano dal Pnrr: \u201cQuesti fondi se saranno utilizzati male rischiano di acuire le differenze col Nord, al contrario devono essere usati bene: il nostro impegno \u00e8 in questa direzione. Ecco perch\u00e8 vigileremo che quel 40% di clausola a favore del Mezzogiorno venga effettivamente applicata e vigileremo affinch\u00e8 tutte la amministrazioni possano utilizzarla. E\u2019 l\u2019impegno che stiamo mettendo e per quanto ci riguarda, \u00e8 una cossa prioritaria. Si tratta di un\u2019occasione unica e dobbiamo assolutamente raggiungere gli obiettivi prefissati in modo preciso e puntuale nell\u2019interesse di tutti\u201d. Sulle regionali Letta ha poi confermato di camminare insieme ai pentastellati facendo riferimento a Valentina Zafarana: \u201cCostruiremo una coalizione larga sul modello di quella di Messina che vogliamo rendere anche pi\u00f9 ampia e inclusiva, ecco perch\u00e8 \u00e8 cos\u00ec imprtante il risultato di Messina e sono qui per un impegno collettivo e comune\u201d. <div id=\"div-gpt-ad-Messinaoggi.it-DSK-300x250-corpoart\" style=\"text-align:center;margin:0 auto;\"><\/div><\/p>\n<p>foto xd9<br \/>(ITALPRESS).<div id=\"videoincontent\" style=\"clear:both\";><\/div><\/p>\n<\/div>\n","protected":false},"excerpt":{"rendered":"<p>MESSINA (ITALPRESS) \u2013 \u201cDalla Sicilia arriver\u00e0 un grande messaggio di unit\u00e0 a livello nazionale per i progressisti. La Sicilia per noi sar\u00e0 centrale\u201d. Lo ha dichiarato Enrico Letta, a Messina per la campagna elettorale a favore del candidato sindaco Franco De Domenico. \u201cSono felice di essere qui \u2013 ha detto il segretario nazionale del Pd [&hellip;]<\/p>\n","protected":false},"author":18,"featured_media":109683,"comment_status":"closed","ping_status":"closed","sticky":false,"template":"","format":"standard","meta":{"ub_ctt_via":"","_mi_skip_tracking":false},"categories":[2449],"tags":[783],"featured_image_src":"https:\/\/www.messinaoggi.it\/website\/wp-content\/uploads\/2022\/05\/20220530_2632.jpg","author_info":{"display_name":"Admin","author_link":"https:\/\/www.messinaoggi.it\/website\/author\/admin\/"},"digistream_id":0,"digistream":false,"_links":{"self":[{"href":"https:\/\/www.messinaoggi.it\/website\/wp-json\/wp\/v2\/posts\/109682"}],"collection":[{"href":"https:\/\/www.messinaoggi.it\/website\/wp-json\/wp\/v2\/posts"}],"about":[{"href":"https:\/\/www.messinaoggi.it\/website\/wp-json\/wp\/v2\/types\/post"}],"author":[{"embeddable":true,"href":"https:\/\/www.messinaoggi.it\/website\/wp-json\/wp\/v2\/users\/18"}],"replies":[{"embeddable":true,"href":"https:\/\/www.messinaoggi.it\/website\/wp-json\/wp\/v2\/comments?post=109682"}],"version-history":[{"count":0,"href":"https:\/\/www.messinaoggi.it\/website\/wp-json\/wp\/v2\/posts\/109682\/revisions"}],"wp:featuredmedia":[{"embeddable":true,"href":"https:\/\/www.messinaoggi.it\/website\/wp-json\/wp\/v2\/media\/109683"}],"wp:attachment":[{"href":"https:\/\/www.messinaoggi.it\/website\/wp-json\/wp\/v2\/media?parent=109682"}],"wp:term":[{"taxonomy":"category","embeddable":true,"href":"https:\/\/www.messinaoggi.it\/website\/wp-json\/wp\/v2\/categories?post=109682"},{"taxonomy":"post_tag","embeddable":true,"href":"https:\/\/www.messinaoggi.it\/website\/wp-json\/wp\/v2\/tags?post=109682"}],"curies":[{"name":"wp","href":"https:\/\/api.w.org\/{rel}","templated":true}]}}