{"id":109676,"date":"2022-05-30T19:07:33","date_gmt":"2022-05-30T17:07:33","guid":{"rendered":"https:\/\/www.messinaoggi.it\/website\/2022\/05\/30\/ucraina-renzi-salvini-a-mosca-il-problema-non-e-se-va-ma-se-torna\/"},"modified":"2022-05-30T19:07:33","modified_gmt":"2022-05-30T17:07:33","slug":"ucraina-renzi-salvini-a-mosca-il-problema-non-e-se-va-ma-se-torna","status":"publish","type":"post","link":"https:\/\/www.messinaoggi.it\/website\/2022\/05\/30\/ucraina-renzi-salvini-a-mosca-il-problema-non-e-se-va-ma-se-torna\/","title":{"rendered":"Ucraina, Renzi \u201cSalvini a Mosca? Il problema non \u00e8 se va, ma se torna\u201d"},"content":{"rendered":"<div>&#8220;Non sono inquieto se Salvini va a Mosca. Il problema di Salvini non \u00e8 se va a Mosca: il problema \u00e8 se torna. La questione vera di fondo \u00e8 che non ha nessun senso. L&#8217;abbiamo gi\u00e0 visto in Polonia. Salvini non \u00e8 un ministro competente, non \u00e8 il capo del governo. Di fronte alla guerra non si fanno gli show mediatici. Detto questo, trovo anche incredibile pompare questa vicenda. E&#8217; un gioco delle parti: a Salvini fa comodo dire che lo fa. E al Pd fa comodo attaccarlo dicendo: &#8220;Ah lui va a Mosca!&#8221;. I problemi dell&#8217;Ucraina e della Russia non li risolvono n\u00e8 Salvini n\u00e8 il Pd&#8221;. Lo ha detto il segretario di Italia Viva Matteo Renzi margine dell&#8217;evento organizzato da Italia Viva alle Stelline per presentare le 5 proposte del partito sul sistema fiscale. (ITALPRESS).<div id=\"div-gpt-ad-Messinaoggi.it-DSK-300x250-corpoart\" style=\"text-align:center;margin:0 auto;\"><\/div><\/p>\n<p>photo: xa1<div id=\"videoincontent\" style=\"clear:both\";><\/div><\/p><\/div>\n","protected":false},"excerpt":{"rendered":"<p>&#8220;Non sono inquieto se Salvini va a Mosca. Il problema di Salvini non \u00e8 se va a Mosca: il problema \u00e8 se torna. La questione vera di fondo \u00e8 che non ha nessun senso. L&#8217;abbiamo gi\u00e0 visto in Polonia. Salvini non \u00e8 un ministro competente, non \u00e8 il capo del governo. Di fronte alla guerra [&hellip;]<\/p>\n","protected":false},"author":18,"featured_media":109677,"comment_status":"closed","ping_status":"closed","sticky":false,"template":"","format":"standard","meta":{"ub_ctt_via":"","_mi_skip_tracking":false},"categories":[446],"tags":[783],"featured_image_src":"https:\/\/www.messinaoggi.it\/website\/wp-content\/uploads\/2022\/05\/20220530_2455.jpg","author_info":{"display_name":"Admin","author_link":"https:\/\/www.messinaoggi.it\/website\/author\/admin\/"},"digistream_id":0,"digistream":false,"_links":{"self":[{"href":"https:\/\/www.messinaoggi.it\/website\/wp-json\/wp\/v2\/posts\/109676"}],"collection":[{"href":"https:\/\/www.messinaoggi.it\/website\/wp-json\/wp\/v2\/posts"}],"about":[{"href":"https:\/\/www.messinaoggi.it\/website\/wp-json\/wp\/v2\/types\/post"}],"author":[{"embeddable":true,"href":"https:\/\/www.messinaoggi.it\/website\/wp-json\/wp\/v2\/users\/18"}],"replies":[{"embeddable":true,"href":"https:\/\/www.messinaoggi.it\/website\/wp-json\/wp\/v2\/comments?post=109676"}],"version-history":[{"count":0,"href":"https:\/\/www.messinaoggi.it\/website\/wp-json\/wp\/v2\/posts\/109676\/revisions"}],"wp:featuredmedia":[{"embeddable":true,"href":"https:\/\/www.messinaoggi.it\/website\/wp-json\/wp\/v2\/media\/109677"}],"wp:attachment":[{"href":"https:\/\/www.messinaoggi.it\/website\/wp-json\/wp\/v2\/media?parent=109676"}],"wp:term":[{"taxonomy":"category","embeddable":true,"href":"https:\/\/www.messinaoggi.it\/website\/wp-json\/wp\/v2\/categories?post=109676"},{"taxonomy":"post_tag","embeddable":true,"href":"https:\/\/www.messinaoggi.it\/website\/wp-json\/wp\/v2\/tags?post=109676"}],"curies":[{"name":"wp","href":"https:\/\/api.w.org\/{rel}","templated":true}]}}