{"id":109631,"date":"2022-05-30T15:16:09","date_gmt":"2022-05-30T13:16:09","guid":{"rendered":"http:\/\/www.messinaoggi.it\/website\/?p=109631"},"modified":"2022-05-30T15:17:16","modified_gmt":"2022-05-30T13:17:16","slug":"amministrative-croce-luomo-giusto-delludcrendiamo-onore-alla-polis","status":"publish","type":"post","link":"https:\/\/www.messinaoggi.it\/website\/2022\/05\/30\/amministrative-croce-luomo-giusto-delludcrendiamo-onore-alla-polis\/","title":{"rendered":"Amministrative. Croce l&#8217;uomo giusto dell&#8217;Udc:&#8221;Rendiamo onore alla polis&#8221;"},"content":{"rendered":"\n<p>Alla presenza dei vertici nazionali e regionali sono stati presentati i candidati delle liste Udc per il rinnovo del civico consesso e dei consigli di quartiere: candidati tutti motivati in passione e responsabilit\u00e0, ciascuno con la propria sensibilit\u00e0, esperienza, competenza.<div id=\"div-gpt-ad-Messinaoggi.it-DSK-300x250-corpoart\" style=\"text-align:center;margin:0 auto;\"><\/div><\/p>\n\n\n\n<p>Profili riconoscibili e riconosciuti hanno chiesto a volti nuovi e giovani di farsi interpreti delle esigenze di ogni generazione nel rivendicare opportunit\u00e0, lavoro, tessuto fertile per l\u2019intrapresa, qualit\u00e0 della vita, sviluppo, solidariet\u00e0.<div id=\"videoincontent\" style=\"clear:both\";><\/div><\/p>\n\n\n\n<p>Aderenti, sostenitori e simpatizzanti del partito dello scudo crociato hanno voluto affermare con entusiasmo il pieno al candidato sindaco, Maurizio Croce.<\/p>\n\n\n\n<p>\u201cSiamo qui per rendere onore alla polis e alla politica, all\u2019agone e alla agor\u00e0, alla civilt\u00e0 del confronto e alla coerenza delle idee\u201d.<\/p>\n\n\n\n<p>L\u2019Udc vuole e crede in una citt\u00e0 che deve riscoprirsi unita, scommettere sulla bellezza, essere amministrata con dignit\u00e0 seriet\u00e0 lealt\u00e0, recuperare consapevolezza di importanza essendo crocevia e porta di una Regione centrale alle dinamiche geopolitiche del Mediterraneo.<\/p>\n\n\n\n<p>&#8220;Ammiro la forza coinvolgente &#8211; ha detto Croce &#8211; con cui l\u2019Udc sta animando la coalizione di centrodestra. Mi sento nella casa giusta: la casa dei moderati. Messina deve recuperare il valore della democrazia e tornare a essere amministrata in maniera normale. Ringrazio Beppe Picciolo per l\u2019energia trascinante che ci regala. Poi, ringrazio Lorenzo Cesa, Antonio De Poli, Emilio Fragale, Mimmo Turano, Decio Terrana, Daniela Baglieri, Pippo Morano, Angelo Sottile, Carmelo Torre, Calogero Leanza, Piero Poguisc, Domenico Scilipoti, Filippo Spadaro per la stima mostrata nei miei confronti.<\/p>\n\n\n\n<p>Un abbraccio e un in bocca al lupo a tutti i candidati al Consiglio comunale e alle Circoscrizioni.<\/p>\n\n\n\n<p>Infine, un grazie speciale va a Maria Fida Moro: un esempio vivente di democrazia. Che ci ha donato due momenti straordinari ricordando i fondamentali valori dell\u2019accoglienza e della lotta alla mafia, senza strumentalizzazioni o parole vuote&#8221;.<\/p>\n\n\n\n<p>&#8220;Benedice&#8221; la scelta di Croce anche il segretario nazionale dell\u2019Unione di centro, Lorenzo Cesa:<br>\u201cCroce \u00e8 un candidato a sindaco all\u2019insegna della concretezza e terminale di una coalizione forte. Dobbiamo offrire un\u2019alternativa. Mi auguro che Maurizio Croce vinca al primo turno. Siamo qui per questo. Croce ha capacit\u00e0 amministrativa, statura politica ed esperienza. Doti necessarie per guidare una comunit\u00e0&#8221;.<\/p>\n","protected":false},"excerpt":{"rendered":"<p>Alla presenza dei vertici nazionali e regionali sono stati presentati i candidati delle liste Udc per il rinnovo del civico consesso e dei consigli di quartiere: candidati tutti motivati in passione e responsabilit\u00e0, ciascuno con la propria sensibilit\u00e0, esperienza, competenza. Profili riconoscibili e riconosciuti hanno chiesto a volti nuovi e giovani di farsi interpreti delle [&hellip;]<\/p>\n","protected":false},"author":4,"featured_media":109632,"comment_status":"open","ping_status":"open","sticky":false,"template":"","format":"standard","meta":{"ub_ctt_via":"","_mi_skip_tracking":false},"categories":[4],"tags":[4600,3948],"featured_image_src":"https:\/\/www.messinaoggi.it\/website\/wp-content\/uploads\/2022\/05\/IMG-20220530-WA0025.jpg","author_info":{"display_name":"redme","author_link":"https:\/\/www.messinaoggi.it\/website\/author\/redme\/"},"digistream_id":0,"digistream":false,"_links":{"self":[{"href":"https:\/\/www.messinaoggi.it\/website\/wp-json\/wp\/v2\/posts\/109631"}],"collection":[{"href":"https:\/\/www.messinaoggi.it\/website\/wp-json\/wp\/v2\/posts"}],"about":[{"href":"https:\/\/www.messinaoggi.it\/website\/wp-json\/wp\/v2\/types\/post"}],"author":[{"embeddable":true,"href":"https:\/\/www.messinaoggi.it\/website\/wp-json\/wp\/v2\/users\/4"}],"replies":[{"embeddable":true,"href":"https:\/\/www.messinaoggi.it\/website\/wp-json\/wp\/v2\/comments?post=109631"}],"version-history":[{"count":1,"href":"https:\/\/www.messinaoggi.it\/website\/wp-json\/wp\/v2\/posts\/109631\/revisions"}],"predecessor-version":[{"id":109633,"href":"https:\/\/www.messinaoggi.it\/website\/wp-json\/wp\/v2\/posts\/109631\/revisions\/109633"}],"wp:featuredmedia":[{"embeddable":true,"href":"https:\/\/www.messinaoggi.it\/website\/wp-json\/wp\/v2\/media\/109632"}],"wp:attachment":[{"href":"https:\/\/www.messinaoggi.it\/website\/wp-json\/wp\/v2\/media?parent=109631"}],"wp:term":[{"taxonomy":"category","embeddable":true,"href":"https:\/\/www.messinaoggi.it\/website\/wp-json\/wp\/v2\/categories?post=109631"},{"taxonomy":"post_tag","embeddable":true,"href":"https:\/\/www.messinaoggi.it\/website\/wp-json\/wp\/v2\/tags?post=109631"}],"curies":[{"name":"wp","href":"https:\/\/api.w.org\/{rel}","templated":true}]}}