{"id":109622,"date":"2022-05-30T14:07:38","date_gmt":"2022-05-30T12:07:38","guid":{"rendered":"https:\/\/www.messinaoggi.it\/website\/2022\/05\/30\/chiellini-lascio-in-azzurro-etica-del-lavoro-e-leggerezza\/"},"modified":"2022-05-30T14:07:38","modified_gmt":"2022-05-30T12:07:38","slug":"chiellini-lascio-in-azzurro-etica-del-lavoro-e-leggerezza","status":"publish","type":"post","link":"https:\/\/www.messinaoggi.it\/website\/2022\/05\/30\/chiellini-lascio-in-azzurro-etica-del-lavoro-e-leggerezza\/","title":{"rendered":"Chiellini \u201cLascio in azzurro etica del lavoro e leggerezza\u201d"},"content":{"rendered":"<div>FIRENZE (ITALPRESS) &#8211; &#8220;Cosa lascio in Nazionale? Un&#8217;etica del lavoro importante ed il fatto di riuscire a vivere con un p\u00f2 pi\u00f9 di leggerezza tutto quello che facciamo. A me mancheranno tutti i ragazzi, la quotidianit\u00e0, l&#8217;emozione, il confronto. Negli anni ho avuto il piacere di condividere lo spogliatoio con tanti giovani che ho trattato sempre come dei fratellini. Mi \u00e8 piaciuto entrare in questo ruolo di fratello maggiore&#8221;. Lo ha detto il difensore azzurro Giorgio Chiellini da Coverciano dove la Nazionale italiana sta preparando la gara in programma mercoled\u00ec 1\u00b0 giugno a Londra contro l&#8217;Argentina. &#8220;Credo nel destino, ho provato a cambiarlo fino all&#8217;ultimo -ha aggiunto Chiellini parlando del suo rammarico di non essersi mai potuto giocare a pieno un Mondiale-. Nel 2010-2014 sono stati Mondiali deludenti, volevo cambiare la mia storia con i Mondiali e purtroppo non ce l&#8217;ho fatta. Gli Europei invece sono state tutte magnifiche avventure. E&#8217; il destino, non ho rimpianti, non ho tempo per averli, mi sto godendo le ultime settimane cos\u00ec come ho fatto con la Juventus&#8221;. Chiellini scommette su Bonucci ottimo capitano. &#8220;Prima di me c&#8217;era Gigi Buffon che era diverso da me cos\u00ec come lo era Fabio Cannavaro. L&#8217;importante per un capitano \u00e8 essere s\u00e8 stesso, convincente e di supporto per i compagni in ogni momento. Non bisogna scimmiottare gli altri. Bonucci so che lo far\u00e0 bene&#8221;. <br \/>&#8211; foto Image &#8211;<br \/>(ITALPRESS).<\/div>\n<div id=\"div-gpt-ad-Messinaoggi.it-DSK-300x250-corpoart\" style=\"text-align:center;margin:0 auto;\"><\/div><\/p><div id=\"videoincontent\" style=\"clear:both\";><\/div>","protected":false},"excerpt":{"rendered":"<p>FIRENZE (ITALPRESS) &#8211; &#8220;Cosa lascio in Nazionale? Un&#8217;etica del lavoro importante ed il fatto di riuscire a vivere con un p\u00f2 pi\u00f9 di leggerezza tutto quello che facciamo. A me mancheranno tutti i ragazzi, la quotidianit\u00e0, l&#8217;emozione, il confronto. Negli anni ho avuto il piacere di condividere lo spogliatoio con tanti giovani che ho trattato [&hellip;]<\/p>\n","protected":false},"author":18,"featured_media":109623,"comment_status":"closed","ping_status":"closed","sticky":false,"template":"","format":"standard","meta":{"ub_ctt_via":"","_mi_skip_tracking":false},"categories":[446],"tags":[783],"featured_image_src":"https:\/\/www.messinaoggi.it\/website\/wp-content\/uploads\/2022\/05\/20220530_0560.jpg","author_info":{"display_name":"Admin","author_link":"https:\/\/www.messinaoggi.it\/website\/author\/admin\/"},"digistream_id":0,"digistream":false,"_links":{"self":[{"href":"https:\/\/www.messinaoggi.it\/website\/wp-json\/wp\/v2\/posts\/109622"}],"collection":[{"href":"https:\/\/www.messinaoggi.it\/website\/wp-json\/wp\/v2\/posts"}],"about":[{"href":"https:\/\/www.messinaoggi.it\/website\/wp-json\/wp\/v2\/types\/post"}],"author":[{"embeddable":true,"href":"https:\/\/www.messinaoggi.it\/website\/wp-json\/wp\/v2\/users\/18"}],"replies":[{"embeddable":true,"href":"https:\/\/www.messinaoggi.it\/website\/wp-json\/wp\/v2\/comments?post=109622"}],"version-history":[{"count":0,"href":"https:\/\/www.messinaoggi.it\/website\/wp-json\/wp\/v2\/posts\/109622\/revisions"}],"wp:featuredmedia":[{"embeddable":true,"href":"https:\/\/www.messinaoggi.it\/website\/wp-json\/wp\/v2\/media\/109623"}],"wp:attachment":[{"href":"https:\/\/www.messinaoggi.it\/website\/wp-json\/wp\/v2\/media?parent=109622"}],"wp:term":[{"taxonomy":"category","embeddable":true,"href":"https:\/\/www.messinaoggi.it\/website\/wp-json\/wp\/v2\/categories?post=109622"},{"taxonomy":"post_tag","embeddable":true,"href":"https:\/\/www.messinaoggi.it\/website\/wp-json\/wp\/v2\/tags?post=109622"}],"curies":[{"name":"wp","href":"https:\/\/api.w.org\/{rel}","templated":true}]}}