{"id":109614,"date":"2022-05-30T13:07:35","date_gmt":"2022-05-30T11:07:35","guid":{"rendered":"https:\/\/www.messinaoggi.it\/website\/2022\/05\/30\/turismo-garavaglia-serve-personale-in-tempi-rapidi\/"},"modified":"2022-05-30T13:07:35","modified_gmt":"2022-05-30T11:07:35","slug":"turismo-garavaglia-serve-personale-in-tempi-rapidi","status":"publish","type":"post","link":"https:\/\/www.messinaoggi.it\/website\/2022\/05\/30\/turismo-garavaglia-serve-personale-in-tempi-rapidi\/","title":{"rendered":"Turismo, Garavaglia \u201cServe personale in tempi rapidi\u201d"},"content":{"rendered":"<div>GENOVA (ITALPRESS) &#8211; &#8220;Il problema \u00e8 molto serio e al momento vanno trovate soluzioni tampone, anche ahim\u00e8 un decreto flussi. Oggi abbiamo necessit\u00e0 di trovare personale in tempi rapidissimi&#8221;. Lo ha detto il ministro del Turismo, Massimo Garavaglia, parlando della carenza di personale nel settore turistico a margine di un incontro a Genova col governatore Giovanni Toti e i rappresentanti del settore. &#8220;Tantissimi alberghi e ristoranti sono costretti a limitare l&#8217;attivit\u00e0 per problemi di mancanza di personale, il che \u00e8 un paradosso: pare manchino dalle 300 alle 350mila figure, non solo nel settore turismo e abbiamo una disoccupazione circa al 10%. Va da s\u00e8 che c&#8217;\u00e8 qualcosa che non va di molto serio nel mercato del lavoro e qualche soluzione andr\u00e0 trovata nell&#8217;immediato&#8221;, ha aggiunto Garavaglia. <br \/>Il ministro ha ribadito la proposta &#8220;di consentire la cumulabilit\u00e0 del 50% del reddito di cittadinanza a fronte di un contratto stagionale, l&#8217;obiettivo \u00e8 riportare pi\u00f9 persone possibili dall&#8217;inattivit\u00e0 all&#8217;attivit\u00e0&#8221;. &#8220;Poi &#8211; ha proseguito &#8211; va fatto un ragionamento di prospettiva, rivedere alcune regole del mercato del lavoro che ingessano il mercato del lavoro, aprire anche una discussione con le categorie per vedere cosa si pu\u00f2 fare a livello contrattuale per rendere pi\u00f9 appetibile questo settore, anche ragionando sul welfare aziendale, sulla durata della stagione. Ma bisogna metterci la testa&#8221;.<br \/>-foto xa8 &#8211;<br \/>(ITALPRESS).<\/div>\n<div id=\"div-gpt-ad-Messinaoggi.it-DSK-300x250-corpoart\" style=\"text-align:center;margin:0 auto;\"><\/div><\/p><div id=\"videoincontent\" style=\"clear:both\";><\/div>","protected":false},"excerpt":{"rendered":"<p>GENOVA (ITALPRESS) &#8211; &#8220;Il problema \u00e8 molto serio e al momento vanno trovate soluzioni tampone, anche ahim\u00e8 un decreto flussi. Oggi abbiamo necessit\u00e0 di trovare personale in tempi rapidissimi&#8221;. Lo ha detto il ministro del Turismo, Massimo Garavaglia, parlando della carenza di personale nel settore turistico a margine di un incontro a Genova col governatore [&hellip;]<\/p>\n","protected":false},"author":18,"featured_media":109615,"comment_status":"closed","ping_status":"closed","sticky":false,"template":"","format":"standard","meta":{"ub_ctt_via":"","_mi_skip_tracking":false},"categories":[446],"tags":[783],"featured_image_src":"https:\/\/www.messinaoggi.it\/website\/wp-content\/uploads\/2022\/05\/20220530_0382.jpg","author_info":{"display_name":"Admin","author_link":"https:\/\/www.messinaoggi.it\/website\/author\/admin\/"},"digistream_id":0,"digistream":false,"_links":{"self":[{"href":"https:\/\/www.messinaoggi.it\/website\/wp-json\/wp\/v2\/posts\/109614"}],"collection":[{"href":"https:\/\/www.messinaoggi.it\/website\/wp-json\/wp\/v2\/posts"}],"about":[{"href":"https:\/\/www.messinaoggi.it\/website\/wp-json\/wp\/v2\/types\/post"}],"author":[{"embeddable":true,"href":"https:\/\/www.messinaoggi.it\/website\/wp-json\/wp\/v2\/users\/18"}],"replies":[{"embeddable":true,"href":"https:\/\/www.messinaoggi.it\/website\/wp-json\/wp\/v2\/comments?post=109614"}],"version-history":[{"count":0,"href":"https:\/\/www.messinaoggi.it\/website\/wp-json\/wp\/v2\/posts\/109614\/revisions"}],"wp:featuredmedia":[{"embeddable":true,"href":"https:\/\/www.messinaoggi.it\/website\/wp-json\/wp\/v2\/media\/109615"}],"wp:attachment":[{"href":"https:\/\/www.messinaoggi.it\/website\/wp-json\/wp\/v2\/media?parent=109614"}],"wp:term":[{"taxonomy":"category","embeddable":true,"href":"https:\/\/www.messinaoggi.it\/website\/wp-json\/wp\/v2\/categories?post=109614"},{"taxonomy":"post_tag","embeddable":true,"href":"https:\/\/www.messinaoggi.it\/website\/wp-json\/wp\/v2\/tags?post=109614"}],"curies":[{"name":"wp","href":"https:\/\/api.w.org\/{rel}","templated":true}]}}