{"id":109585,"date":"2022-05-30T10:07:35","date_gmt":"2022-05-30T08:07:35","guid":{"rendered":"https:\/\/www.messinaoggi.it\/website\/2022\/05\/30\/morto-a-108-anni-lo-scrittore-boris-pahor\/"},"modified":"2022-05-30T10:07:35","modified_gmt":"2022-05-30T08:07:35","slug":"morto-a-108-anni-lo-scrittore-boris-pahor","status":"publish","type":"post","link":"https:\/\/www.messinaoggi.it\/website\/2022\/05\/30\/morto-a-108-anni-lo-scrittore-boris-pahor\/","title":{"rendered":"Morto a 108 anni lo scrittore Boris Pahor"},"content":{"rendered":"<div>ROMA (ITALPRESS) &#8211; E&#8217; morto all&#8217;et\u00e0 di 108 anni lo scrittore e intellettuale di lingua slovena di Trieste, Boris Pahor. Ne d\u00e0 notizia il quotidiano sloveno di Trieste Primorsky Dnevnik. <br \/>Nato il 26 agosto del 1913 a Trieste, a sette anni assist\u00e8 all&#8217;incendio del Narodni dom (Casa del Popolo), sede centrale delle organizzazioni della comunit\u00e0 slovena di Trieste. L&#8217;esperienza, che lo segn\u00f2 per tutta la vita, affiora spesso nei suoi romanzi e racconti. Pahor visse drammaticamente il trauma della negazione forzata dell&#8217;identit\u00e0 slovena, attuata dal regime fascista. Nell&#8217;ottobre 1952 spos\u00f2 la scrittrice e traduttrice Franci\u009aka Radoslava Premrl (1921-2009), da cui ebbe due figli. Nel 1953 inizi\u00f2 a insegnare regolarmente letteratura slovena alle scuole medie inferiori; in seguito insegn\u00f2 anche letteratura italiana, successivamente, e fino al 1975, insegn\u00f2 nelle scuole superiori con lingua d&#8217;insegnamento slovena a Trieste. Dal 1996 fino al 1991 fu direttore ed editore della rivista triestina Zaliv (Golfo) che si occupava, oltre che di temi strettamente letterari, anche di questioni di attualit\u00e0, ospitando oppositori del regime di Tito e diventando un punto di riferimento per la dissidenza slovena. Nel 1975, assieme all&#8217;amico triestino Alojz Rebula, Pahor pubblic\u00f2 il libro &#8220;Edvard Kocbek: testimone della nostra epoca&#8221;. Nel libro-intervista il poeta sloveno denunciava il massacro di 12.000 prigionieri di guerra, appartenenti alla milizia collaborazionista slovena (domobranci), perpetrato dal regime comunista jugoslavo nel maggio del 1945, con la connivenza delle truppe britanniche. Il libro provoc\u00f2 durissime reazioni da parte del regime jugoslavo. Durante un viaggio a Parigi, nel 1986, Pahor conobbe il filosofo Evgen Bavcar (1946), grazie al quale l&#8217;opera pi\u00f9 importante di Pahor, Necropoli, romanzo autobiografico sulla sua prigionia nel campo di concentramento di Natzweiler-Struthof, trov\u00f2 il suo primo editore francese. La traduzione francese di Necropoli rese Pahor famoso nel mondo, facendolo assurgere al rango di grande classico della letteratura del Novecento.<br \/>(ITALPRESS).<br \/>-foto agenziafotogramma.it-<\/div>\n<div id=\"div-gpt-ad-Messinaoggi.it-DSK-300x250-corpoart\" style=\"text-align:center;margin:0 auto;\"><\/div><\/p><div id=\"videoincontent\" style=\"clear:both\";><\/div>","protected":false},"excerpt":{"rendered":"<p>ROMA (ITALPRESS) &#8211; E&#8217; morto all&#8217;et\u00e0 di 108 anni lo scrittore e intellettuale di lingua slovena di Trieste, Boris Pahor. Ne d\u00e0 notizia il quotidiano sloveno di Trieste Primorsky Dnevnik. Nato il 26 agosto del 1913 a Trieste, a sette anni assist\u00e8 all&#8217;incendio del Narodni dom (Casa del Popolo), sede centrale delle organizzazioni della comunit\u00e0 [&hellip;]<\/p>\n","protected":false},"author":18,"featured_media":109586,"comment_status":"closed","ping_status":"closed","sticky":false,"template":"","format":"standard","meta":{"ub_ctt_via":"","_mi_skip_tracking":false},"categories":[446],"tags":[783],"featured_image_src":"https:\/\/www.messinaoggi.it\/website\/wp-content\/uploads\/2022\/05\/20220530_0137.jpg","author_info":{"display_name":"Admin","author_link":"https:\/\/www.messinaoggi.it\/website\/author\/admin\/"},"digistream_id":0,"digistream":false,"_links":{"self":[{"href":"https:\/\/www.messinaoggi.it\/website\/wp-json\/wp\/v2\/posts\/109585"}],"collection":[{"href":"https:\/\/www.messinaoggi.it\/website\/wp-json\/wp\/v2\/posts"}],"about":[{"href":"https:\/\/www.messinaoggi.it\/website\/wp-json\/wp\/v2\/types\/post"}],"author":[{"embeddable":true,"href":"https:\/\/www.messinaoggi.it\/website\/wp-json\/wp\/v2\/users\/18"}],"replies":[{"embeddable":true,"href":"https:\/\/www.messinaoggi.it\/website\/wp-json\/wp\/v2\/comments?post=109585"}],"version-history":[{"count":0,"href":"https:\/\/www.messinaoggi.it\/website\/wp-json\/wp\/v2\/posts\/109585\/revisions"}],"wp:featuredmedia":[{"embeddable":true,"href":"https:\/\/www.messinaoggi.it\/website\/wp-json\/wp\/v2\/media\/109586"}],"wp:attachment":[{"href":"https:\/\/www.messinaoggi.it\/website\/wp-json\/wp\/v2\/media?parent=109585"}],"wp:term":[{"taxonomy":"category","embeddable":true,"href":"https:\/\/www.messinaoggi.it\/website\/wp-json\/wp\/v2\/categories?post=109585"},{"taxonomy":"post_tag","embeddable":true,"href":"https:\/\/www.messinaoggi.it\/website\/wp-json\/wp\/v2\/tags?post=109585"}],"curies":[{"name":"wp","href":"https:\/\/api.w.org\/{rel}","templated":true}]}}