{"id":109550,"date":"2022-05-29T15:32:38","date_gmt":"2022-05-29T13:32:38","guid":{"rendered":"https:\/\/www.messinaoggi.it\/website\/2022\/05\/29\/comunali-palermo-speranza-miceli-scelta-giusta-per-la-citta\/"},"modified":"2022-05-29T15:32:38","modified_gmt":"2022-05-29T13:32:38","slug":"comunali-palermo-speranza-miceli-scelta-giusta-per-la-citta","status":"publish","type":"post","link":"https:\/\/www.messinaoggi.it\/website\/2022\/05\/29\/comunali-palermo-speranza-miceli-scelta-giusta-per-la-citta\/","title":{"rendered":"Comunali Palermo, Speranza \u201cMiceli scelta giusta per la citt\u00e0\u201d"},"content":{"rendered":"<div>\n<p>PALERMO (ITALPRESS) \u2013 Rendere la citt\u00e0 competitiva a livello nazionale e internazionale \u00e8 la missione da rilanciare nelle ultime due settimane di campagna elettorale e da completare in caso di successo. Ne sono convinti il candidato sindaco a Palermo Franco Miceli e il ministro della Salute Roberto Speranza, che si sono incontrati a Villa Filippina a un evento curato da Sinistra civica ecologista e Articolo uno (di cui Speranza \u00e8 segretario nazionale).<br \/>\nL\u2019appuntamento \u00e8 stato preceduto da un clima di forte tensione, con alcune di scritte no vax all\u2019esterno del plesso e una contestazione di un centinaio di persone all\u2019arrivo del ministro. I manifestanti hanno anche provato ad accedere a Villa Filippina, ma sono stati respinti dalle forze dell\u2019Ordine senza che si verificassero scontri. Tra i presenti anche la candidata a Palazzo delle Aquile Francesca Donato, che ha chiesto pi\u00f9 volte di interloquire con Speranza sul tema dei vaccini.<br \/>\nIl ministro ha scelto di non commentare gli avvenimenti, soffermandosi piuttosto sulla necessit\u00e0 di rilanciare Palermo dopo due anni di pandemia: \u201cNelle grandi citt\u00e0 del sud le discrepanze sociali sono maggiori rispetto ad altre realt\u00e0: il futuro sindaco e i consiglieri comunali dovranno impegnarsi al massimo per colmare queste lacune -, sottolinea Speranza, \u2013 La partita \u00e8 apertissima, pertanto andr\u00e0 prodotto il massimo sforzo in queste ultime due settimane. Il risultato di Palermo, \u00e8 pi\u00f9 avanti delle regionali in Sicilia, avr\u00e0 grande valenza a livello nazionale\u201d. Poi un plauso a Miceli, sebbene il primo incontro ufficiale tra i due sia avvenuto solo ieri: \u201c\u00c8 una figura di grande cultura politica. Sentendolo parlare ho capito che Articolo uno ha fatto bene a puntare su di lui: ha un modo di fare politica lontano dalla vecchia scuola, di cui anch\u2019io faccio in qualche modo parte, poich\u00e9 promette solo cose realizzabili e non inverosimili al fine di avere qualche voto in pi\u00f9. \u00c8 un modo umile di fare politica: in tempi come questi serve tantissimo\u201d, conclude Speranza.<br \/>\nMiceli ribadisce la necessit\u00e0 di discontinuit\u00e0 rispetto alla gestione Orlando, insistendo su tre punti in particolare: \u201cDecentramento amministrativo, maggiore partecipazione dei cittadini e trasferimento dei servizi di prossimit\u00e0 nei territori. Non \u00e8 pi\u00f9 il tempo di affrontare il futuro in maniera episodica: i problemi vanno risolti, non tamponati \u2013 sottolinea  \u2013 Se vogliamo avere la stessa competitivit\u00e0 dei grandi centri dobbiamo fare tutti la nostra parte: amministrazione, categorie produttive e cittadini. La nostra storia, le nostre risorse culturali, il nostro mare sono tutti elementi che, se valorizzati nel modo giusto, possono portarci a un salto di qualit\u00e0\u201d. Sul reddito di cittadinanza, Miceli si mostra d\u2019accordo sulla possibilit\u00e0 di modificarlo, ma invita a una riflessione: \u201cCosa sarebbe successo se non lo avessimo avuto durante la pandemia? Il rischio era di andare incontro a una macelleria sociale. Il modo migliore per metterlo in funzione \u00e8 attuare i piani di utilit\u00e0 comunale, in modo di fornire i servizi necessari alle persone e garantire loro lavoro e dignit\u00e0\u201d.<br \/>\n-foto xd8 \u2013<br \/>\n(ITALPRESS) <div id=\"div-gpt-ad-Messinaoggi.it-DSK-300x250-corpoart\" style=\"text-align:center;margin:0 auto;\"><\/div><\/p>\n<\/div>\n<div id=\"videoincontent\" style=\"clear:both\";><\/div>","protected":false},"excerpt":{"rendered":"<p>PALERMO (ITALPRESS) \u2013 Rendere la citt\u00e0 competitiva a livello nazionale e internazionale \u00e8 la missione da rilanciare nelle ultime due settimane di campagna elettorale e da completare in caso di successo. Ne sono convinti il candidato sindaco a Palermo Franco Miceli e il ministro della Salute Roberto Speranza, che si sono incontrati a Villa Filippina [&hellip;]<\/p>\n","protected":false},"author":18,"featured_media":109551,"comment_status":"closed","ping_status":"closed","sticky":false,"template":"","format":"standard","meta":{"ub_ctt_via":"","_mi_skip_tracking":false},"categories":[2449],"tags":[783],"featured_image_src":"https:\/\/www.messinaoggi.it\/website\/wp-content\/uploads\/2022\/05\/speranza1.jpg","author_info":{"display_name":"Admin","author_link":"https:\/\/www.messinaoggi.it\/website\/author\/admin\/"},"digistream_id":0,"digistream":false,"_links":{"self":[{"href":"https:\/\/www.messinaoggi.it\/website\/wp-json\/wp\/v2\/posts\/109550"}],"collection":[{"href":"https:\/\/www.messinaoggi.it\/website\/wp-json\/wp\/v2\/posts"}],"about":[{"href":"https:\/\/www.messinaoggi.it\/website\/wp-json\/wp\/v2\/types\/post"}],"author":[{"embeddable":true,"href":"https:\/\/www.messinaoggi.it\/website\/wp-json\/wp\/v2\/users\/18"}],"replies":[{"embeddable":true,"href":"https:\/\/www.messinaoggi.it\/website\/wp-json\/wp\/v2\/comments?post=109550"}],"version-history":[{"count":0,"href":"https:\/\/www.messinaoggi.it\/website\/wp-json\/wp\/v2\/posts\/109550\/revisions"}],"wp:featuredmedia":[{"embeddable":true,"href":"https:\/\/www.messinaoggi.it\/website\/wp-json\/wp\/v2\/media\/109551"}],"wp:attachment":[{"href":"https:\/\/www.messinaoggi.it\/website\/wp-json\/wp\/v2\/media?parent=109550"}],"wp:term":[{"taxonomy":"category","embeddable":true,"href":"https:\/\/www.messinaoggi.it\/website\/wp-json\/wp\/v2\/categories?post=109550"},{"taxonomy":"post_tag","embeddable":true,"href":"https:\/\/www.messinaoggi.it\/website\/wp-json\/wp\/v2\/tags?post=109550"}],"curies":[{"name":"wp","href":"https:\/\/api.w.org\/{rel}","templated":true}]}}