{"id":109514,"date":"2022-05-28T20:07:32","date_gmt":"2022-05-28T18:07:32","guid":{"rendered":"https:\/\/www.messinaoggi.it\/website\/2022\/05\/28\/speranza-sulle-mascherine-a-scuola-rispettiamo-norma-vigente\/"},"modified":"2022-05-28T20:07:32","modified_gmt":"2022-05-28T18:07:32","slug":"speranza-sulle-mascherine-a-scuola-rispettiamo-norma-vigente","status":"publish","type":"post","link":"https:\/\/www.messinaoggi.it\/website\/2022\/05\/28\/speranza-sulle-mascherine-a-scuola-rispettiamo-norma-vigente\/","title":{"rendered":"Speranza \u201cSulle mascherine a scuola rispettiamo norma vigente\u201d"},"content":{"rendered":"<div>MESSINA (ITALPRESS) &#8211; Riguardo alle mascherine a scuola, &#8220;c&#8217;\u00e8 una norma vigente e la rispettiamo, lavoriamo affinch\u00e8 il prossimo anno ci possa essere una situazione epidemiologica molto diversa&#8221;. Lo ha detto il ministro della Salute Roberto Speranza a Messina, dove \u00e8 arrivato per la campagna elettorale del candidato sindaco di centrosinistra Franco De Domenico. Fatto bersaglio di una piccola contestazione, Speranza ha ribadito l&#8217;importanza della vaccinazione contro il Covid. &#8220;Hanno salvato la vita a centinaia<br \/>\ndi migliaia di persone &#8211; ha affermato il ministro &#8211; Dovunque ci sono persone che non hanno condiviso la campagna di vaccinazione, il bello della democrazie \u00e8 che c&#8217;\u00e8 chi non \u00e8 d&#8217;accordo, ma questo non cambia la verit\u00e0. Dico anche anche a loro che la libert\u00e0 che abbiamo conquistato \u00e8 grazie ai vaccini&#8221;.<div id=\"div-gpt-ad-Messinaoggi.it-DSK-300x250-corpoart\" style=\"text-align:center;margin:0 auto;\"><\/div><\/p>\n<p>-Foto agenziafotogramma.it-<br \/>\n(ITALPRESS).<div id=\"videoincontent\" style=\"clear:both\";><\/div><\/p><\/div>\n","protected":false},"excerpt":{"rendered":"<p>MESSINA (ITALPRESS) &#8211; Riguardo alle mascherine a scuola, &#8220;c&#8217;\u00e8 una norma vigente e la rispettiamo, lavoriamo affinch\u00e8 il prossimo anno ci possa essere una situazione epidemiologica molto diversa&#8221;. Lo ha detto il ministro della Salute Roberto Speranza a Messina, dove \u00e8 arrivato per la campagna elettorale del candidato sindaco di centrosinistra Franco De Domenico. Fatto [&hellip;]<\/p>\n","protected":false},"author":18,"featured_media":109515,"comment_status":"closed","ping_status":"closed","sticky":false,"template":"","format":"standard","meta":{"ub_ctt_via":"","_mi_skip_tracking":false},"categories":[446],"tags":[783],"featured_image_src":"https:\/\/www.messinaoggi.it\/website\/wp-content\/uploads\/2022\/05\/20220528_2070.jpg","author_info":{"display_name":"Admin","author_link":"https:\/\/www.messinaoggi.it\/website\/author\/admin\/"},"digistream_id":0,"digistream":false,"_links":{"self":[{"href":"https:\/\/www.messinaoggi.it\/website\/wp-json\/wp\/v2\/posts\/109514"}],"collection":[{"href":"https:\/\/www.messinaoggi.it\/website\/wp-json\/wp\/v2\/posts"}],"about":[{"href":"https:\/\/www.messinaoggi.it\/website\/wp-json\/wp\/v2\/types\/post"}],"author":[{"embeddable":true,"href":"https:\/\/www.messinaoggi.it\/website\/wp-json\/wp\/v2\/users\/18"}],"replies":[{"embeddable":true,"href":"https:\/\/www.messinaoggi.it\/website\/wp-json\/wp\/v2\/comments?post=109514"}],"version-history":[{"count":0,"href":"https:\/\/www.messinaoggi.it\/website\/wp-json\/wp\/v2\/posts\/109514\/revisions"}],"wp:featuredmedia":[{"embeddable":true,"href":"https:\/\/www.messinaoggi.it\/website\/wp-json\/wp\/v2\/media\/109515"}],"wp:attachment":[{"href":"https:\/\/www.messinaoggi.it\/website\/wp-json\/wp\/v2\/media?parent=109514"}],"wp:term":[{"taxonomy":"category","embeddable":true,"href":"https:\/\/www.messinaoggi.it\/website\/wp-json\/wp\/v2\/categories?post=109514"},{"taxonomy":"post_tag","embeddable":true,"href":"https:\/\/www.messinaoggi.it\/website\/wp-json\/wp\/v2\/tags?post=109514"}],"curies":[{"name":"wp","href":"https:\/\/api.w.org\/{rel}","templated":true}]}}