{"id":109317,"date":"2022-05-27T08:56:03","date_gmt":"2022-05-27T06:56:03","guid":{"rendered":"http:\/\/www.messinaoggi.it\/website\/?p=109317"},"modified":"2022-05-27T08:56:06","modified_gmt":"2022-05-27T06:56:06","slug":"selezioni-atm-gli-esclusi-in-pressing-sullazienda","status":"publish","type":"post","link":"https:\/\/www.messinaoggi.it\/website\/2022\/05\/27\/selezioni-atm-gli-esclusi-in-pressing-sullazienda\/","title":{"rendered":"Selezioni Atm, gli esclusi in pressing sull&#8217;azienda"},"content":{"rendered":"\n<p>Dopo il secondo esposto alla Procura della Repubblica, contenete elementi circostanziati sulle modalit\u00e0 di esecuzione della selezione per autisti Atm, adesso c&#8217;\u00e8 una richiesta altrettanto dettagliata di accesso agli atti della selezione.<div id=\"div-gpt-ad-Messinaoggi.it-DSK-300x250-corpoart\" style=\"text-align:center;margin:0 auto;\"><\/div><\/p>\n\n\n\n<p>Gli esclusi dalla selezione vanno in pressing sull&#8217;azienda dei trasporti, spinta ad aprire una indagine interna per vederci chiaro sulle modalit\u00e0 di esecuzione delle selezioni.<div id=\"videoincontent\" style=\"clear:both\";><\/div><\/p>\n\n\n\n<p>L&#8217;Atm gioca d&#8217;anticipo rispetto alla magistratura &#8220;investita&#8221; della questione da parte di un folto gruppo di candidati esclusi dalla graduatoria e quindi dalle assunzioni a tempo indeterminato.<\/p>\n\n\n\n<p>C&#8217;\u00e8 polemica intorno a quella selezione effettuata lo scorso anno che ha lasciato sul campo numerosi malcontenti. Come riferito dal nostri giornale, i ricorrenti lamentano la poca chiarezza sulle procedure concorsuali, ma anche il possesso dei titoli da parte di alcuni vincitori. Situazioni che sono finite sul tavolo di un magistrato che avr\u00e0 il compito di verificare se le procedure sono state eseguite in regola.<\/p>\n\n\n\n<p>Adesso, c&#8217;\u00e8 la richiesta agli atti di documenti che l&#8217;azienda \u00e8 tenuta a fornire, la cui visione dar\u00e0 un quadro d&#8217;insieme di una procedura che ha lasciato strascichi.<\/p>\n","protected":false},"excerpt":{"rendered":"<p>Dopo il secondo esposto alla Procura della Repubblica, contenete elementi circostanziati sulle modalit\u00e0 di esecuzione della selezione per autisti Atm, adesso c&#8217;\u00e8 una richiesta altrettanto dettagliata di accesso agli atti della selezione. Gli esclusi dalla selezione vanno in pressing sull&#8217;azienda dei trasporti, spinta ad aprire una indagine interna per vederci chiaro sulle modalit\u00e0 di esecuzione [&hellip;]<\/p>\n","protected":false},"author":2,"featured_media":41919,"comment_status":"open","ping_status":"open","sticky":false,"template":"","format":"standard","meta":{"ub_ctt_via":"","_mi_skip_tracking":false},"categories":[5],"tags":[4585,1004,1212,4584,4583,4582,4581],"featured_image_src":"https:\/\/www.messinaoggi.it\/website\/wp-content\/uploads\/2020\/04\/bus-atm.jpg","author_info":{"display_name":"Redazione","author_link":"https:\/\/www.messinaoggi.it\/website\/author\/redazione\/"},"digistream_id":0,"digistream":false,"_links":{"self":[{"href":"https:\/\/www.messinaoggi.it\/website\/wp-json\/wp\/v2\/posts\/109317"}],"collection":[{"href":"https:\/\/www.messinaoggi.it\/website\/wp-json\/wp\/v2\/posts"}],"about":[{"href":"https:\/\/www.messinaoggi.it\/website\/wp-json\/wp\/v2\/types\/post"}],"author":[{"embeddable":true,"href":"https:\/\/www.messinaoggi.it\/website\/wp-json\/wp\/v2\/users\/2"}],"replies":[{"embeddable":true,"href":"https:\/\/www.messinaoggi.it\/website\/wp-json\/wp\/v2\/comments?post=109317"}],"version-history":[{"count":1,"href":"https:\/\/www.messinaoggi.it\/website\/wp-json\/wp\/v2\/posts\/109317\/revisions"}],"predecessor-version":[{"id":109319,"href":"https:\/\/www.messinaoggi.it\/website\/wp-json\/wp\/v2\/posts\/109317\/revisions\/109319"}],"wp:featuredmedia":[{"embeddable":true,"href":"https:\/\/www.messinaoggi.it\/website\/wp-json\/wp\/v2\/media\/41919"}],"wp:attachment":[{"href":"https:\/\/www.messinaoggi.it\/website\/wp-json\/wp\/v2\/media?parent=109317"}],"wp:term":[{"taxonomy":"category","embeddable":true,"href":"https:\/\/www.messinaoggi.it\/website\/wp-json\/wp\/v2\/categories?post=109317"},{"taxonomy":"post_tag","embeddable":true,"href":"https:\/\/www.messinaoggi.it\/website\/wp-json\/wp\/v2\/tags?post=109317"}],"curies":[{"name":"wp","href":"https:\/\/api.w.org\/{rel}","templated":true}]}}