{"id":10927,"date":"2017-11-04T21:42:17","date_gmt":"2017-11-04T20:42:17","guid":{"rendered":"http:\/\/www.messinaoggi.it\/website\/?p=10927"},"modified":"2017-11-04T21:42:17","modified_gmt":"2017-11-04T20:42:17","slug":"staff-musumeci-grillo-viola-silenzio-elettorale","status":"publish","type":"post","link":"https:\/\/www.messinaoggi.it\/website\/2017\/11\/04\/staff-musumeci-grillo-viola-silenzio-elettorale\/","title":{"rendered":"Staff Musumeci: &quot;Grillo v\u00ecola silenzio elettorale&quot;"},"content":{"rendered":"<p>\u201cIl capo politico del M5S, Beppe Grillo, sta consapevolmente violando il silenzio elettorale. Rivolgere un appello al voto dalle pagine Facebook costituisce un vulnus alla legalit\u00e0, per il quale auspico l\u2019intervento delle autorit\u00e0 competenti. \u00c8 ancora pi\u00f9 grave che ogni post sia condiviso da Giancarlo Cancelleri, candidato presidente del M5S, che cos\u00ec concorre materialmente nelle condotte illegittime di Grillo e contribuisce ad aggravarle\u201d. Cos\u00ec in una nota Ruggero Razza, componente della cabina di regia del movimento #Diventer\u00e0Bellissima. Sulla pagina Facebbok del candidato del M5S appaiono sia un videoappello di Grillo che un post a firma dello stesso Cancelleri che invita a recarsi alle urne.<div id=\"div-gpt-ad-Messinaoggi.it-DSK-300x250-corpoart\" style=\"text-align:center;margin:0 auto;\"><\/div><\/p>\n<div id=\"videoincontent\" style=\"clear:both\";><\/div>","protected":false},"excerpt":{"rendered":"<p>\u201cIl capo politico del M5S, Beppe Grillo, sta consapevolmente violando il silenzio elettorale. Rivolgere un appello al voto dalle pagine Facebook costituisce un vulnus alla legalit\u00e0, per il quale auspico l\u2019intervento delle autorit\u00e0 competenti. \u00c8 ancora pi\u00f9 grave che ogni post sia condiviso da Giancarlo Cancelleri, candidato presidente del M5S, che cos\u00ec concorre materialmente nelle [&hellip;]<\/p>\n","protected":false},"author":2,"featured_media":9433,"comment_status":"closed","ping_status":"open","sticky":false,"template":"","format":"standard","meta":{"ub_ctt_via":"","_mi_skip_tracking":false},"categories":[6],"tags":[],"featured_image_src":"https:\/\/www.messinaoggi.it\/website\/wp-content\/uploads\/2017\/10\/elezioni-regionali-urna-con-scheda.jpg","author_info":{"display_name":"Redazione","author_link":"https:\/\/www.messinaoggi.it\/website\/author\/redazione\/"},"digistream_id":0,"digistream":false,"_links":{"self":[{"href":"https:\/\/www.messinaoggi.it\/website\/wp-json\/wp\/v2\/posts\/10927"}],"collection":[{"href":"https:\/\/www.messinaoggi.it\/website\/wp-json\/wp\/v2\/posts"}],"about":[{"href":"https:\/\/www.messinaoggi.it\/website\/wp-json\/wp\/v2\/types\/post"}],"author":[{"embeddable":true,"href":"https:\/\/www.messinaoggi.it\/website\/wp-json\/wp\/v2\/users\/2"}],"replies":[{"embeddable":true,"href":"https:\/\/www.messinaoggi.it\/website\/wp-json\/wp\/v2\/comments?post=10927"}],"version-history":[{"count":0,"href":"https:\/\/www.messinaoggi.it\/website\/wp-json\/wp\/v2\/posts\/10927\/revisions"}],"wp:featuredmedia":[{"embeddable":true,"href":"https:\/\/www.messinaoggi.it\/website\/wp-json\/wp\/v2\/media\/9433"}],"wp:attachment":[{"href":"https:\/\/www.messinaoggi.it\/website\/wp-json\/wp\/v2\/media?parent=10927"}],"wp:term":[{"taxonomy":"category","embeddable":true,"href":"https:\/\/www.messinaoggi.it\/website\/wp-json\/wp\/v2\/categories?post=10927"},{"taxonomy":"post_tag","embeddable":true,"href":"https:\/\/www.messinaoggi.it\/website\/wp-json\/wp\/v2\/tags?post=10927"}],"curies":[{"name":"wp","href":"https:\/\/api.w.org\/{rel}","templated":true}]}}