{"id":109219,"date":"2022-05-26T15:07:36","date_gmt":"2022-05-26T13:07:36","guid":{"rendered":"https:\/\/www.messinaoggi.it\/website\/2022\/05\/26\/europei-veterani-tennistavolo-a-rimini-di-napoli-grande-evento\/"},"modified":"2022-05-26T15:07:36","modified_gmt":"2022-05-26T13:07:36","slug":"europei-veterani-tennistavolo-a-rimini-di-napoli-grande-evento","status":"publish","type":"post","link":"https:\/\/www.messinaoggi.it\/website\/2022\/05\/26\/europei-veterani-tennistavolo-a-rimini-di-napoli-grande-evento\/","title":{"rendered":"Europei veterani tennistavolo a Rimini, Di Napoli \u201cGrande evento\u201d"},"content":{"rendered":"<div>ROMA (ITALPRESS) &#8211; Sar\u00e0 grande spettacolo alla Fiera di Rimini dal 25 giugno al 2 luglio per gli Stag European Veterans Championships. Circa 3.000 atleti e atlete over 40, provenienti da tutto il continente, si sfideranno in una competizione ospitata dall&#8217;Italia per la seconda volta, dopo Courmayeur 2003. L&#8217;evento, sotto l&#8217;egida della European Table Tennis Union e organizzato dalla Federazione italiana tennistavolo, vedr\u00e0 rappresentati 42 Paesi. La Germania ha la delegazione pi\u00f9 numerosa con 843 pongisti, l&#8217;Italia ne schierer\u00e0 503 nelle diverse categorie, dai 40-44 agli over 85, in campo nei singolari, nel doppio maschile e femminile. All&#8217;evento, in qualit\u00e0 di atleta, parteciper\u00e0 anche Petra Sorling, prima presidente donna della Federazione internazionale di tennistavolo. &#8220;Ho letto i numeri della manifestazione, davvero importanti &#8211; ha dichiarato il presidente del Coni Giovanni Malag\u00f2 &#8211; Penso sia fondamentale la connessione tra lo sport e l&#8217;opportunit\u00e0 di visitare Rimini e l&#8217;Emilia-Romagna, un valore turistico addizionale&#8221;. &#8220;I Campionati Europei Veterani di Rimini sono una grande manifestazione, con numeri importanti &#8211; ha sottolineato Renato Di Napoli, presidente della Federazione italiana tennistavolo &#8211; Personalmente avevo un sogno nel cassetto, inserire gli atleti paralimpici in questa competizione: ci siamo riusciti&#8221;. Questa \u00e8 la grande novit\u00e0: per la prima volta gli atleti paralimpici si sfideranno nei singolari maschile e femminile di classe 1-5 (in carrozzina) e di categoria 6-10 (in piedi). &#8220;Sono particolarmente legato alla Fitet, questa \u00e8 una grande sfida &#8211; ha osservato Luca Pancalli, presidente del Cip &#8211; E&#8217; un segnale importante: i grandi eventi sono fondamentali perch\u00e8 ci permettono di intercettare la voglia di sport di tanti disabili&#8221;. Il 26 giugno alle 18 la cerimonia d&#8217;apertura, il giorno dopo scatteranno i gironi. Il 29 giugno giornata di riposo in cui saranno organizzati uno o pi\u00f9 tornei amatoriali di TTX (Table Tennis X), aperti anche ai familiari e agli accompagnatori degli atleti. &#8220;Sapere che la federazione ha intenzione di presentare dei progetti e delle attivit\u00e0 legate alla promozione dello sport ci riempie di gioia &#8211; ha sottolineato Vito Cozzoli, presidente e amministratore delegato di Sport e Salute &#8211; Questa manifestazione sar\u00e0 una festa di sport&#8221;. Sabato 2 luglio semifinali e finali seguite dalle cerimonie di premiazione.<br \/>&#8211; foto spf\/Italpress &#8211;<br \/>(ITALPRESS).<\/div>\n<div id=\"div-gpt-ad-Messinaoggi.it-DSK-300x250-corpoart\" style=\"text-align:center;margin:0 auto;\"><\/div><\/p><div id=\"videoincontent\" style=\"clear:both\";><\/div>","protected":false},"excerpt":{"rendered":"<p>ROMA (ITALPRESS) &#8211; Sar\u00e0 grande spettacolo alla Fiera di Rimini dal 25 giugno al 2 luglio per gli Stag European Veterans Championships. Circa 3.000 atleti e atlete over 40, provenienti da tutto il continente, si sfideranno in una competizione ospitata dall&#8217;Italia per la seconda volta, dopo Courmayeur 2003. L&#8217;evento, sotto l&#8217;egida della European Table Tennis [&hellip;]<\/p>\n","protected":false},"author":18,"featured_media":109220,"comment_status":"closed","ping_status":"closed","sticky":false,"template":"","format":"standard","meta":{"ub_ctt_via":"","_mi_skip_tracking":false},"categories":[446],"tags":[783],"featured_image_src":"https:\/\/www.messinaoggi.it\/website\/wp-content\/uploads\/2022\/05\/20220526_0899.jpg","author_info":{"display_name":"Admin","author_link":"https:\/\/www.messinaoggi.it\/website\/author\/admin\/"},"digistream_id":0,"digistream":false,"_links":{"self":[{"href":"https:\/\/www.messinaoggi.it\/website\/wp-json\/wp\/v2\/posts\/109219"}],"collection":[{"href":"https:\/\/www.messinaoggi.it\/website\/wp-json\/wp\/v2\/posts"}],"about":[{"href":"https:\/\/www.messinaoggi.it\/website\/wp-json\/wp\/v2\/types\/post"}],"author":[{"embeddable":true,"href":"https:\/\/www.messinaoggi.it\/website\/wp-json\/wp\/v2\/users\/18"}],"replies":[{"embeddable":true,"href":"https:\/\/www.messinaoggi.it\/website\/wp-json\/wp\/v2\/comments?post=109219"}],"version-history":[{"count":0,"href":"https:\/\/www.messinaoggi.it\/website\/wp-json\/wp\/v2\/posts\/109219\/revisions"}],"wp:featuredmedia":[{"embeddable":true,"href":"https:\/\/www.messinaoggi.it\/website\/wp-json\/wp\/v2\/media\/109220"}],"wp:attachment":[{"href":"https:\/\/www.messinaoggi.it\/website\/wp-json\/wp\/v2\/media?parent=109219"}],"wp:term":[{"taxonomy":"category","embeddable":true,"href":"https:\/\/www.messinaoggi.it\/website\/wp-json\/wp\/v2\/categories?post=109219"},{"taxonomy":"post_tag","embeddable":true,"href":"https:\/\/www.messinaoggi.it\/website\/wp-json\/wp\/v2\/tags?post=109219"}],"curies":[{"name":"wp","href":"https:\/\/api.w.org\/{rel}","templated":true}]}}