{"id":109213,"date":"2022-05-26T13:07:40","date_gmt":"2022-05-26T11:07:40","guid":{"rendered":"https:\/\/www.messinaoggi.it\/website\/2022\/05\/26\/governo-draghi-siamo-qui-per-cambiare-non-per-stare-fermi\/"},"modified":"2022-05-26T13:07:40","modified_gmt":"2022-05-26T11:07:40","slug":"governo-draghi-siamo-qui-per-cambiare-non-per-stare-fermi","status":"publish","type":"post","link":"https:\/\/www.messinaoggi.it\/website\/2022\/05\/26\/governo-draghi-siamo-qui-per-cambiare-non-per-stare-fermi\/","title":{"rendered":"Governo, Draghi \u201cSiamo qui per cambiare, non per stare fermi\u201d"},"content":{"rendered":"<div>ROMA (ITALPRESS) &#8211; &#8220;Condivido molto il titolo che avete scelto per il vostro Congresso: &#8216;Esserci per cambiar\u00e8 \u00e8 una frase diretta, che racchiude anche il senso di questo governo. Siamo qui per fare quello che serve all&#8217;Italia, ai lavoratori, alle imprese &#8211; non per stare fermi. E siamo qui per farlo insieme a voi &#8211; alle parti sociali. Perch\u00e8 il cambiamento di domani dipende dalla nostra azione di oggi. E questa azione deve partire da una prospettiva concreta, coraggiosa, condivisa&#8221;. Cos\u00ec il presidente del Consiglio, Mario Draghi, intervenendo al 19\u00b0 Congresso confederale della Cisl a Roma.<br \/>&#8220;Fin dal suo insediamento, il Governo ha cercato &#8211; e, direi, molto spesso trovato &#8211; il dialogo con i sindacati. Lo abbiamo fatto perch\u00e8 le buone relazioni industriali sono state essenziali in alcuni dei momenti pi\u00f9 difficili della nostra storia&#8221;.<br \/>Il presidente del Consiglio ha evidenziato come la guerra in Ucraina rende &#8220;i nostri sforzi di cambiamento pi\u00f9 complessi e, al tempo stesso, ancora pi\u00f9 necessari. Il mercato dell&#8217;energia vive una fase di enorme volatilit\u00e0, che penalizza i lavoratori e le imprese. I blocchi alle esportazioni, i colli di bottiglia negli approvvigionamenti, i ritardi nelle consegne hanno messo in luce la delicatezza dei nostri sistemi industriali. Queste crisi colpiscono in particolare i cittadini pi\u00f9 vulnerabili, le realt\u00e0 sociali pi\u00f9 fragili, e mettono a dura prova la coesione sociale. Ci costringono a ripensare la nostra politica energetica, le nostre catene produttive, il nostro sistema di filiera. Il Governo si \u00e8 mosso con rapidit\u00e0 per tutelare i lavoratori di fronte alle molte crisi di questi anni&#8221;, ha aggiunto spiegando che \u00e8 previsto un calo della pressione fiscale quest&#8217;anno di 0,4 punti percentuali rispetto all&#8217;anno scorso, &#8220;la riduzione pi\u00f9 consistente degli ultimi sei anni&#8221;.<br \/>Il premier ha poi ricordato i morti sul lavoro: oltre 1.200 nel solo 2021. &#8220;Alle loro famiglie, ai loro colleghi, esprimo la pi\u00f9 sentita vicinanza del Governo e mia personale. Con la collaborazione attiva di voi sindacati, siamo intervenuti per rafforzare e rendere pi\u00f9 partecipato il sistema dei controlli. Potenziare le attivit\u00e0 ispettive, per\u00f2, non basta. Le aziende devono fare attivit\u00e0 di formazione, di manutenzione, di prevenzione. E&#8217; un tema di civilt\u00e0, che qualifica una democrazia&#8221;.<div id=\"div-gpt-ad-Messinaoggi.it-DSK-300x250-corpoart\" style=\"text-align:center;margin:0 auto;\"><\/div><\/p>\n<p>&#8211; foto agenziafotogramma.it &#8211;<div id=\"videoincontent\" style=\"clear:both\";><\/div><\/p>\n<p>(ITALPRESS).<\/p><\/div>\n","protected":false},"excerpt":{"rendered":"<p>ROMA (ITALPRESS) &#8211; &#8220;Condivido molto il titolo che avete scelto per il vostro Congresso: &#8216;Esserci per cambiar\u00e8 \u00e8 una frase diretta, che racchiude anche il senso di questo governo. Siamo qui per fare quello che serve all&#8217;Italia, ai lavoratori, alle imprese &#8211; non per stare fermi. E siamo qui per farlo insieme a voi &#8211; [&hellip;]<\/p>\n","protected":false},"author":18,"featured_media":109214,"comment_status":"closed","ping_status":"closed","sticky":false,"template":"","format":"standard","meta":{"ub_ctt_via":"","_mi_skip_tracking":false},"categories":[446],"tags":[783],"featured_image_src":"https:\/\/www.messinaoggi.it\/website\/wp-content\/uploads\/2022\/05\/20220526_0509.jpg","author_info":{"display_name":"Admin","author_link":"https:\/\/www.messinaoggi.it\/website\/author\/admin\/"},"digistream_id":0,"digistream":false,"_links":{"self":[{"href":"https:\/\/www.messinaoggi.it\/website\/wp-json\/wp\/v2\/posts\/109213"}],"collection":[{"href":"https:\/\/www.messinaoggi.it\/website\/wp-json\/wp\/v2\/posts"}],"about":[{"href":"https:\/\/www.messinaoggi.it\/website\/wp-json\/wp\/v2\/types\/post"}],"author":[{"embeddable":true,"href":"https:\/\/www.messinaoggi.it\/website\/wp-json\/wp\/v2\/users\/18"}],"replies":[{"embeddable":true,"href":"https:\/\/www.messinaoggi.it\/website\/wp-json\/wp\/v2\/comments?post=109213"}],"version-history":[{"count":0,"href":"https:\/\/www.messinaoggi.it\/website\/wp-json\/wp\/v2\/posts\/109213\/revisions"}],"wp:featuredmedia":[{"embeddable":true,"href":"https:\/\/www.messinaoggi.it\/website\/wp-json\/wp\/v2\/media\/109214"}],"wp:attachment":[{"href":"https:\/\/www.messinaoggi.it\/website\/wp-json\/wp\/v2\/media?parent=109213"}],"wp:term":[{"taxonomy":"category","embeddable":true,"href":"https:\/\/www.messinaoggi.it\/website\/wp-json\/wp\/v2\/categories?post=109213"},{"taxonomy":"post_tag","embeddable":true,"href":"https:\/\/www.messinaoggi.it\/website\/wp-json\/wp\/v2\/tags?post=109213"}],"curies":[{"name":"wp","href":"https:\/\/api.w.org\/{rel}","templated":true}]}}