{"id":109211,"date":"2022-05-26T13:07:39","date_gmt":"2022-05-26T11:07:39","guid":{"rendered":"https:\/\/www.messinaoggi.it\/website\/2022\/05\/26\/de-mita-mattarella-si-e-impegnato-per-la-democrazia-possibile\/"},"modified":"2022-05-26T13:07:39","modified_gmt":"2022-05-26T11:07:39","slug":"de-mita-mattarella-si-e-impegnato-per-la-democrazia-possibile","status":"publish","type":"post","link":"https:\/\/www.messinaoggi.it\/website\/2022\/05\/26\/de-mita-mattarella-si-e-impegnato-per-la-democrazia-possibile\/","title":{"rendered":"De Mita, Mattarella \u201cSi \u00e8 impegnato per la democrazia possibile\u201d"},"content":{"rendered":"<div>ROMA (ITALPRESS) &#8211; &#8220;La notizia della scomparsa di Ciriaco De Mita \u00e8 motivo di grande tristezza. De Mita ha vissuto da protagonista una lunga stagione politica. Lo ha fatto con coerenza, passione e intelligenza, camminando nel solco di quel cattolicesimo politico che trovava nel popolarismo sturziano le sue matrici pi\u00f9 originali e che vedeva riproposto nel pensiero di Aldo Moro&#8221;. Lo afferma in una nota il presidente della Repubblica Sergio Mattarella.<br \/>&#8220;Il suo impegno politico ha sempre avuto al centro l&#8217;idea della democrazia possibile. Quella da costruire e vivere nel progressivo farsi della storia delle nostre comunit\u00e0, della vita concreta delle persone, delle loro speranze e dei loro interessi &#8211; aggiunge -. Nasceva da questa visione della democrazia come processo inesauribile l&#8217;attenzione per il rinnovamento e l&#8217;adeguamento delle nostre istituzioni, che non a caso fu bersaglio della strategia brigatista che, uccidendo Roberto Ruffilli, suo stretto consigliere, alla vigilia dell&#8217;insediamento del suo governo, intese colpire proprio il disegno riformatore di De Mita&#8221;.<br \/>&#8220;Dobbiamo ricordarne l&#8217;impegno incessante per un meridionalismo intelligente e modernizzatore. Cos\u00ec come la vivacit\u00e0 intellettuale, la curiosit\u00e0 per le cose nuove, la capacit\u00e0 di dialogare con tutti, forte di una ispirazione cristiana autenticamente laica. L&#8217;attenzione alle nuove generazioni per un rinnovamento della politica fatto di scelte coraggiose e concrete, anche favorendo, da segretario del suo partito, un profondo ricambio di classe dirigente &#8211; conclude il capo dello Stato -. Non meno importante fu, soprattutto nella sua azione di governo, la sua visione internazionale e, in modo particolare, l&#8217;attenzione che ebbe per ci\u00f2 che la leadership di Gorbaciov stava producendo in Unione sovietica alla fine degli anni Ottanta. Ai suoi familiari rivolgo, con intensit\u00e0, il sentimento di cordoglio mio personale e della Repubblica&#8221;.<div id=\"div-gpt-ad-Messinaoggi.it-DSK-300x250-corpoart\" style=\"text-align:center;margin:0 auto;\"><\/div><\/p>\n<p>&#8211; agenzia fotogramma.it &#8211;<div id=\"videoincontent\" style=\"clear:both\";><\/div><\/p>\n<p>(ITALPRESS).<\/p><\/div>\n","protected":false},"excerpt":{"rendered":"<p>ROMA (ITALPRESS) &#8211; &#8220;La notizia della scomparsa di Ciriaco De Mita \u00e8 motivo di grande tristezza. De Mita ha vissuto da protagonista una lunga stagione politica. Lo ha fatto con coerenza, passione e intelligenza, camminando nel solco di quel cattolicesimo politico che trovava nel popolarismo sturziano le sue matrici pi\u00f9 originali e che vedeva riproposto [&hellip;]<\/p>\n","protected":false},"author":18,"featured_media":109212,"comment_status":"closed","ping_status":"closed","sticky":false,"template":"","format":"standard","meta":{"ub_ctt_via":"","_mi_skip_tracking":false},"categories":[446],"tags":[783],"featured_image_src":"https:\/\/www.messinaoggi.it\/website\/wp-content\/uploads\/2022\/05\/20220526_0461.jpg","author_info":{"display_name":"Admin","author_link":"https:\/\/www.messinaoggi.it\/website\/author\/admin\/"},"digistream_id":0,"digistream":false,"_links":{"self":[{"href":"https:\/\/www.messinaoggi.it\/website\/wp-json\/wp\/v2\/posts\/109211"}],"collection":[{"href":"https:\/\/www.messinaoggi.it\/website\/wp-json\/wp\/v2\/posts"}],"about":[{"href":"https:\/\/www.messinaoggi.it\/website\/wp-json\/wp\/v2\/types\/post"}],"author":[{"embeddable":true,"href":"https:\/\/www.messinaoggi.it\/website\/wp-json\/wp\/v2\/users\/18"}],"replies":[{"embeddable":true,"href":"https:\/\/www.messinaoggi.it\/website\/wp-json\/wp\/v2\/comments?post=109211"}],"version-history":[{"count":0,"href":"https:\/\/www.messinaoggi.it\/website\/wp-json\/wp\/v2\/posts\/109211\/revisions"}],"wp:featuredmedia":[{"embeddable":true,"href":"https:\/\/www.messinaoggi.it\/website\/wp-json\/wp\/v2\/media\/109212"}],"wp:attachment":[{"href":"https:\/\/www.messinaoggi.it\/website\/wp-json\/wp\/v2\/media?parent=109211"}],"wp:term":[{"taxonomy":"category","embeddable":true,"href":"https:\/\/www.messinaoggi.it\/website\/wp-json\/wp\/v2\/categories?post=109211"},{"taxonomy":"post_tag","embeddable":true,"href":"https:\/\/www.messinaoggi.it\/website\/wp-json\/wp\/v2\/tags?post=109211"}],"curies":[{"name":"wp","href":"https:\/\/api.w.org\/{rel}","templated":true}]}}