{"id":109178,"date":"2022-05-26T09:17:09","date_gmt":"2022-05-26T07:17:09","guid":{"rendered":"http:\/\/www.messinaoggi.it\/website\/?p=109178"},"modified":"2022-05-26T10:02:40","modified_gmt":"2022-05-26T08:02:40","slug":"spento-il-fuoco-divampano-le-polemiche-la-procura-indaga","status":"publish","type":"post","link":"https:\/\/www.messinaoggi.it\/website\/2022\/05\/26\/spento-il-fuoco-divampano-le-polemiche-la-procura-indaga\/","title":{"rendered":"Spento il fuoco: divampano le polemiche, la Procura indaga"},"content":{"rendered":"\n<p>L&#8217;incendio \u00e8 stato domato. Alle prime luci dell\u2019alba l\u2019arrivo di altri Canadair per domare il rogo ma \u00e8 stata una notte drammatica per gli abitanti ( compresi i bambini) di Stromboli che hanno difeso per come hanno potuto le loro abitazioni dalle lingue di fuoco spinte dal vento di scirocco. Inviata la nave Antonello da Messina per consentire a residenti e turisti di lasciare l\u2019isola ma gli strombolani, sono rimasti a difendere i sacrifici di una vita e non poteva essere altrimenti.<div id=\"div-gpt-ad-Messinaoggi.it-DSK-300x250-corpoart\" style=\"text-align:center;margin:0 auto;\"><\/div><\/p>\n\n\n\n<p>Danni pesantissimi ad alcune caratteristiche abitazioni in stile eoliano : distrutta la foresteria del Centro operativo avanzato di Protezione civile per non parlare del patrimonio boschivo andato in fumo in una zona di riserva, terreni coltivati ecc.<div id=\"videoincontent\" style=\"clear:both\";><\/div><\/p>\n\n\n\n<p>Non \u00e8 stata una fiction purtroppo ma \u00e8 la cruda realt\u00e0. Partita la conta dei danni con una ricognizione delle autorit\u00e0 che sar\u00e0 pi\u00f9 chiara nelle prossime ore. Cos\u00ec come si dovr\u00e0 far piena luce su cause e responsabilit\u00e0. \u201d <em>Gli strombolani lasciati da soli come i cani \u201c, accusa l\u2019ex presidente della circoscrizione Carlo Lanza. \u201d Una notte completamente da soli , non si \u00e8 visto nessuno, sono arrivati alle 4 del mattino quando avevamo salvato il salvabile. E tutto questo per girare una scena di un film<\/em>. <em>E\u2019 stato dimostrato cosa \u00e8 una vera emergenza e con quali mezzi si gestisce\u201d. <\/em><\/p>\n\n\n\n<p>L\u2019isola, intanto, \u00e8 senz\u2019acqua e si rende necessario l\u2019arrivo di una o pi\u00f9 navi cisterna.<\/p>\n\n\n\n<p>&#8220;Abbiamo aperto un fascicolo sull&#8217;incendio di Stromboli e stiamo facendo tutte le attivit\u00e0 previste. Per capire cosa \u00e8 successo. Di pi\u00f9 non posso dire&#8221;.\u00a0Lo ha dichiarato ad un&#8217;agenzia di stampa il Procuratore facente funzione di Barcellona Pozzo di Gotto, Giuseppe Adornato, che ha aperto una inchiesta dopo l&#8217;incendio divampato ieri sull&#8217;isola di Stromboli, durante le riprese della fiction &#8216;Protezione civile&#8217; con protagonista Ambra Angiolini.<\/p>\n\n\n\n<p><strong>tratto dal giornaledilipari.it<\/strong><\/p>\n","protected":false},"excerpt":{"rendered":"<p>L&#8217;incendio \u00e8 stato domato. Alle prime luci dell\u2019alba l\u2019arrivo di altri Canadair per domare il rogo ma \u00e8 stata una notte drammatica per gli abitanti ( compresi i bambini) di Stromboli che hanno difeso per come hanno potuto le loro abitazioni dalle lingue di fuoco spinte dal vento di scirocco. Inviata la nave Antonello da [&hellip;]<\/p>\n","protected":false},"author":2,"featured_media":109154,"comment_status":"open","ping_status":"open","sticky":false,"template":"","format":"standard","meta":{"ub_ctt_via":"","_mi_skip_tracking":false},"categories":[19,6],"tags":[80,2129,1621],"featured_image_src":"https:\/\/www.messinaoggi.it\/website\/wp-content\/uploads\/2022\/05\/incendio-stromboli-751esstlx5ns8rlpnz1r752haqphqvodxex5accur0m.jpg","author_info":{"display_name":"Redazione","author_link":"https:\/\/www.messinaoggi.it\/website\/author\/redazione\/"},"digistream_id":0,"digistream":false,"_links":{"self":[{"href":"https:\/\/www.messinaoggi.it\/website\/wp-json\/wp\/v2\/posts\/109178"}],"collection":[{"href":"https:\/\/www.messinaoggi.it\/website\/wp-json\/wp\/v2\/posts"}],"about":[{"href":"https:\/\/www.messinaoggi.it\/website\/wp-json\/wp\/v2\/types\/post"}],"author":[{"embeddable":true,"href":"https:\/\/www.messinaoggi.it\/website\/wp-json\/wp\/v2\/users\/2"}],"replies":[{"embeddable":true,"href":"https:\/\/www.messinaoggi.it\/website\/wp-json\/wp\/v2\/comments?post=109178"}],"version-history":[{"count":2,"href":"https:\/\/www.messinaoggi.it\/website\/wp-json\/wp\/v2\/posts\/109178\/revisions"}],"predecessor-version":[{"id":109180,"href":"https:\/\/www.messinaoggi.it\/website\/wp-json\/wp\/v2\/posts\/109178\/revisions\/109180"}],"wp:featuredmedia":[{"embeddable":true,"href":"https:\/\/www.messinaoggi.it\/website\/wp-json\/wp\/v2\/media\/109154"}],"wp:attachment":[{"href":"https:\/\/www.messinaoggi.it\/website\/wp-json\/wp\/v2\/media?parent=109178"}],"wp:term":[{"taxonomy":"category","embeddable":true,"href":"https:\/\/www.messinaoggi.it\/website\/wp-json\/wp\/v2\/categories?post=109178"},{"taxonomy":"post_tag","embeddable":true,"href":"https:\/\/www.messinaoggi.it\/website\/wp-json\/wp\/v2\/tags?post=109178"}],"curies":[{"name":"wp","href":"https:\/\/api.w.org\/{rel}","templated":true}]}}