{"id":109151,"date":"2022-05-25T19:07:34","date_gmt":"2022-05-25T17:07:34","guid":{"rendered":"https:\/\/www.messinaoggi.it\/website\/2022\/05\/25\/ucraina-per-un-italiano-su-tre-il-nostro-paese-e-in-guerra\/"},"modified":"2022-05-25T19:07:34","modified_gmt":"2022-05-25T17:07:34","slug":"ucraina-per-un-italiano-su-tre-il-nostro-paese-e-in-guerra","status":"publish","type":"post","link":"https:\/\/www.messinaoggi.it\/website\/2022\/05\/25\/ucraina-per-un-italiano-su-tre-il-nostro-paese-e-in-guerra\/","title":{"rendered":"Ucraina, per un italiano su tre il nostro Paese \u00e8 in guerra"},"content":{"rendered":"<div>ROMA (ITALPRESS) &#8211; Sono passati ormai tre mesi dall&#8217;inizio di quella che doveva essere, nelle -sole- intenzioni della Russia, un&#8217;operazione militare lampo e che, invece, si \u00e8 trasformata in una vera e propria guerra. Ad oggi, dopo 90 giorni di combattimenti in terra Ucraina, poco pi\u00f9 della met\u00e0 degli italiani (56,2%) non si ritiene coinvolto direttamente in questo conflitto e ritiene che il nostro Paese non sia in guerra. Una percezione che si fa ancora pi\u00f9 forte nella fascia di popolazione pi\u00f9 giovane. E&#8217; importante evidenziare, per\u00f2, come 1 italiano su 3, soprattutto a causa dell&#8217;invio di armi all&#8217;Ucraina, ritiene l&#8217;Italia praticamente in guerra (34,6%). Le conseguenze di questo scontro si sono registrate anche a livello economico con un aumento generale dei prezzi e, in particolare, di gas e petrolio, con un rischio concreto di una prossima crisi energetica che potrebbe investire tutta l&#8217;Europa. Per affrontare questo problema, quindi, poco pi\u00f9 di 1\/3 degli italiani, ritiene necessaria l&#8217;implementazione di strategie prese in accordo tra la maggioranza degli stati membri, mentre per 1 su 4, per renderli efficaci, questi accordi dovranno essere presi all&#8217;unanimit\u00e0.<div id=\"div-gpt-ad-Messinaoggi.it-DSK-300x250-corpoart\" style=\"text-align:center;margin:0 auto;\"><\/div><\/p>\n<p>Dati Euromedia Research &#8211; Realizzato il 24\/05\/2022 con metodologia mista CATI\/CAWI su un campione di 1.000 casi rappresentativi della popolazione italiana maggiorenne<br \/>(ITALPRESS).<\/div>\n<div id=\"videoincontent\" style=\"clear:both\";><\/div>","protected":false},"excerpt":{"rendered":"<p>ROMA (ITALPRESS) &#8211; Sono passati ormai tre mesi dall&#8217;inizio di quella che doveva essere, nelle -sole- intenzioni della Russia, un&#8217;operazione militare lampo e che, invece, si \u00e8 trasformata in una vera e propria guerra. Ad oggi, dopo 90 giorni di combattimenti in terra Ucraina, poco pi\u00f9 della met\u00e0 degli italiani (56,2%) non si ritiene coinvolto [&hellip;]<\/p>\n","protected":false},"author":18,"featured_media":109152,"comment_status":"closed","ping_status":"closed","sticky":false,"template":"","format":"standard","meta":{"ub_ctt_via":"","_mi_skip_tracking":false},"categories":[446],"tags":[783],"featured_image_src":"https:\/\/www.messinaoggi.it\/website\/wp-content\/uploads\/2022\/05\/20220525_2344-300x207-1.jpg","author_info":{"display_name":"Admin","author_link":"https:\/\/www.messinaoggi.it\/website\/author\/admin\/"},"digistream_id":0,"digistream":false,"_links":{"self":[{"href":"https:\/\/www.messinaoggi.it\/website\/wp-json\/wp\/v2\/posts\/109151"}],"collection":[{"href":"https:\/\/www.messinaoggi.it\/website\/wp-json\/wp\/v2\/posts"}],"about":[{"href":"https:\/\/www.messinaoggi.it\/website\/wp-json\/wp\/v2\/types\/post"}],"author":[{"embeddable":true,"href":"https:\/\/www.messinaoggi.it\/website\/wp-json\/wp\/v2\/users\/18"}],"replies":[{"embeddable":true,"href":"https:\/\/www.messinaoggi.it\/website\/wp-json\/wp\/v2\/comments?post=109151"}],"version-history":[{"count":0,"href":"https:\/\/www.messinaoggi.it\/website\/wp-json\/wp\/v2\/posts\/109151\/revisions"}],"wp:featuredmedia":[{"embeddable":true,"href":"https:\/\/www.messinaoggi.it\/website\/wp-json\/wp\/v2\/media\/109152"}],"wp:attachment":[{"href":"https:\/\/www.messinaoggi.it\/website\/wp-json\/wp\/v2\/media?parent=109151"}],"wp:term":[{"taxonomy":"category","embeddable":true,"href":"https:\/\/www.messinaoggi.it\/website\/wp-json\/wp\/v2\/categories?post=109151"},{"taxonomy":"post_tag","embeddable":true,"href":"https:\/\/www.messinaoggi.it\/website\/wp-json\/wp\/v2\/tags?post=109151"}],"curies":[{"name":"wp","href":"https:\/\/api.w.org\/{rel}","templated":true}]}}