{"id":109127,"date":"2022-05-25T17:07:34","date_gmt":"2022-05-25T15:07:34","guid":{"rendered":"https:\/\/www.messinaoggi.it\/website\/2022\/05\/25\/salute-le-malattie-infiammatorie-croniche-dellintestino-non-hanno-eta\/"},"modified":"2022-05-25T17:07:34","modified_gmt":"2022-05-25T15:07:34","slug":"salute-le-malattie-infiammatorie-croniche-dellintestino-non-hanno-eta","status":"publish","type":"post","link":"https:\/\/www.messinaoggi.it\/website\/2022\/05\/25\/salute-le-malattie-infiammatorie-croniche-dellintestino-non-hanno-eta\/","title":{"rendered":"Salute, le malattie infiammatorie croniche dell\u2019intestino non hanno et\u00e0"},"content":{"rendered":"<div>ROMA (ITALPRESS) &#8211; Il 19 maggio si celebra la Giornata Mondiale delle Malattie Infiammatorie Croniche dell&#8217;Intestino (MICI). AMICI Onlus, per questa importante occasione, quest&#8217;anno \u00e8 tornata in presenza il 22 maggio a Palermo organizzando il convegno &#8220;Le MICI non hanno et\u00e0&#8221; con l&#8217;obiettivo di fare luce sull&#8217;impatto che queste patologie hanno durante le diverse fasi della vita di una persona. L&#8217;invecchiamento della popolazione, le conseguenti problematiche di salute ad essa connesse e l&#8217;aumento esponenziale delle MICI rendono sempre pi\u00f9 sfidante il bilanciamento tra risorse disponibili e bisogni inespressi dei pazienti. Se si vuole mantenere il principio universalistico di assistenza sanitaria \u00e8 necessario operare delle scelte di pianificazione sulla base del concetto di &#8220;valore&#8221; per la societ\u00e0 e utilizzare anche le opportunit\u00e0 offerte dalla digitalizzazione in Sanit\u00e0. Di questo ed altro si \u00e8 discusso durante il convegno che ha ottenuto la medaglia di rappresentanza del Presidente della Repubblica, Sergio Mattarella ed \u00e8 stato organizzato a chiusura delle iniziative previste nell&#8217;ambito della Campagna di sensibilizzazione 2022 sul tema IBD &amp; Life Cycles, in linea con il piano strategico EFCCA (European Federation of Crohn&#8217;s &amp; Ulcerative Colitis Associations), la Federazione di cui AMICI Onlus fa parte.<br \/>&#8220;Quest&#8217;anno per la prima volta la giornata mondiale delle Malattie Infiammatorie Croniche Intestinali (Malattia di Crohn e Colite Ulcerosa) si svolge a Palermo nello splendido contesto dell&#8217;hotel la Torre a Mondello. E&#8217; un onore per me ospitare questo importantissimo evento dedicato interamente ai pazienti affetti da queste malattie&#8221;, ha detto il dottor Ambrogio Orlando, Direttore dell UOSD MICI dell&#8217;A.O. Ospedali Riuniti Villa Sofia Cervello di Palermo. &#8220;Abbiamo scelto temi molto sentiti dai pazienti ed attuali come l&#8217;epidemiologia nelle varie fasi della vita, i vaccini, le reti assistenziali, la chirurgia come opportunit\u00e0 e non come ultima spiaggia, l&#8217;aderenza alla terapia, gli aspetti psicologici, le interviste a giovani specializzandi che ci spiegano perch\u00e8 scelgono di curare questi pazienti e chiuderemo con una sessione dedicata all&#8217;alimentazione durante la quale verr\u00e0 premiata la migliore ricetta elaborata degli studenti dell&#8217;Istituto alberghiero Pietro Piazza di Palermo. Ancora una volta staremo accanto ai nostri pazienti e per noi \u00e8 un piacere farlo nella nostra citt\u00e0&#8221;, ha aggiunto.<br \/>Il professore Flavio Caprioli, Segretario Generale di IG-IBD, Societ\u00e0 di riferimento per lo studio delle MICI in Italia spiega: &#8220;Gli studi epidemiologici stimano un raddoppio della prevalenza delle MICI in Italia entro i prossimi 10 anni, con un progressivo aumento dell&#8217;et\u00e0 media dei pazienti affetti da Malattia di Crohn e Rettocolite Ulcerosa&#8221;. &#8220;Questo aumenter\u00e0 i carichi per il sistema socio-sanitario e per tutte le Istituzioni che collaborano nella gestione delle MICI nel nostro Paese. Per affrontare le sfide future, IG-IBD ha pianificato un ambizioso programma educazionale per formare i futuri specialisti nella gestione delle MICI in Italia, attraverso incontri regionali e tematici, oltre ad un programma di gestione della transizione da paziente pediatrico ad adulto, in collaborazione con la societ\u00e0 SIGENP. Rafforzata dalla piena collaborazione con AMICI Onlus, IG-IBD vuole continuare a rappresentare il punto di riferimento scientifico ed educazionale per la gestione delle MICI in Italia&#8221;, aggiunge.<br \/>In Europa 3,4 milioni di persone, tra cui 250.000 in Italia, convivono con la Malattia di Crohn o la Colite Ulcerosa (note anche come Malattie Infiammatorie Croniche dell&#8217;Intestino, Inflammatory Bowel Disease &#8211; IBD in inglese).<br \/>Molte malattie della nostra epoca sono legate eziologicamente a fattori ambientali e anche ad un eccesso di stress, spesso connesso ai ritmi veloci imposti dalla societ\u00e0 moderna. Intanto i demografi stimano che al 2030 la popolazione mondiale crescer\u00e0 ancora, arrivando a 8,6 miliardi di persone, rispetto ai 7,4 miliardi del 2015. Una cifra enorme, che avr\u00e0 impatti economici, industriali, alimentari, politici importanti. Basti pensare innanzitutto all&#8217;allungamento dell&#8217;aspettativa di vita e alle conseguenti problematiche di salute connesse all&#8217;invecchiamento della popolazione, quindi alla necessit\u00e0 di organizzare i relativi percorsi di cura. Pertanto, tutti gli attori sono chiamati a giocare il proprio ruolo in un&#8217;azione condivisa e coordinata, rinunciando a parte delle proprie prerogative. Con lo slogan &#8220;Le MICI non hanno et\u00e0&#8221;, AMICI Onlus ha voluto evidenziare l&#8217;impatto delle Malattie Infiammatorie Croniche dell&#8217;Intestino, attraverso il percorso di vita e la realt\u00e0 di come una patologia cronica influisce sull&#8217;invecchiamento dei pazienti.<br \/>AMICI Onlus, in linea con il piano strategico di EFCCA (European Federation of Crohn&#8217;s &amp; Ulcerative Colitis Associations) ha deciso di soffermare l&#8217;attenzione soprattutto sulle persone anziane perch\u00e8 troppo spesso poco rappresentate, nonostante l&#8217;incidenza e la prevalenza delle MICI nelle persone pi\u00f9 anziane sia proprio in aumento. Si stima, infatti, che nel prossimo decennio i pazienti pi\u00f9 anziani con MICI rappresenteranno pi\u00f9 di un terzo di tutte le persone affette da MICI e poche sono le evidenze a disposizione per capire come la Malattia Infiammatoria Cronica dell&#8217;Intestino influisca con esiti negativi sulla salute o sulla qualit\u00e0 della vita per questa tipologia di paziente.<br \/>&#8220;Questo evento &#8211; ha spiegato Giuseppe Coppolino, presidente di AMICI Onlus &#8211; riavvicina noi comunit\u00e0 dei pazienti alla comunit\u00e0 scientifica e alle Istituzioni ed \u00e8 un &#8220;big bang&#8221; dal quale parte una nuova fase per la nostra organizzazione. AMICI ha avviato una rivoluzione, iniziata ben prima che il mondo si fermasse, che ci ha permesso di capire quali fossero gli strumenti e il modo migliore per rispondere alle reali esigenze delle persone con Malattie Infiammatorie Croniche dell&#8217;Intestino. Il futuro da noi progettato sta diventando realt\u00e0. Le priorit\u00e0 stabilite al Tavolo tecnico istituito al Ministero della Salute saranno monitorate costantemente al fine di raggiungere al pi\u00f9 presto i risultati che i pazienti si aspettano, come l&#8217;attivazione di un Registro nazionale di patologia, l&#8217;aggiornamento e la disponibilit\u00e0 dei nuovi LEA, l&#8217;applicazione di un PDTA omogeneo in tutte le Regioni, l&#8217;aumento delle tutele lavorative e la formazione dei medici&#8221;.<br \/>L&#8217;evento pubblico &#8220;Le MICI non hanno et\u00e0&#8221;, coinvolgendo rappresentanti della comunita? scientifica e istituzionale ha ottenuto il patrocinio della Regione Siciliana-Assessorato della salute, del Comune di Palermo, di EFCCA,i IG-IBD,  SIGENP, FIASO e FNOPI che hanno aderito ad un processo di reciproca collaborazione.<div id=\"div-gpt-ad-Messinaoggi.it-DSK-300x250-corpoart\" style=\"text-align:center;margin:0 auto;\"><\/div><\/p>\n<p>&#8211; foto ufficio stampa Amici Onlus &#8211;<div id=\"videoincontent\" style=\"clear:both\";><\/div><\/p>\n<p>(ITALPRESS).<\/p><\/div>\n","protected":false},"excerpt":{"rendered":"<p>ROMA (ITALPRESS) &#8211; Il 19 maggio si celebra la Giornata Mondiale delle Malattie Infiammatorie Croniche dell&#8217;Intestino (MICI). AMICI Onlus, per questa importante occasione, quest&#8217;anno \u00e8 tornata in presenza il 22 maggio a Palermo organizzando il convegno &#8220;Le MICI non hanno et\u00e0&#8221; con l&#8217;obiettivo di fare luce sull&#8217;impatto che queste patologie hanno durante le diverse fasi [&hellip;]<\/p>\n","protected":false},"author":18,"featured_media":109128,"comment_status":"closed","ping_status":"closed","sticky":false,"template":"","format":"standard","meta":{"ub_ctt_via":"","_mi_skip_tracking":false},"categories":[446],"tags":[783],"featured_image_src":"https:\/\/www.messinaoggi.it\/website\/wp-content\/uploads\/2022\/05\/20220525_1971.jpg","author_info":{"display_name":"Admin","author_link":"https:\/\/www.messinaoggi.it\/website\/author\/admin\/"},"digistream_id":0,"digistream":false,"_links":{"self":[{"href":"https:\/\/www.messinaoggi.it\/website\/wp-json\/wp\/v2\/posts\/109127"}],"collection":[{"href":"https:\/\/www.messinaoggi.it\/website\/wp-json\/wp\/v2\/posts"}],"about":[{"href":"https:\/\/www.messinaoggi.it\/website\/wp-json\/wp\/v2\/types\/post"}],"author":[{"embeddable":true,"href":"https:\/\/www.messinaoggi.it\/website\/wp-json\/wp\/v2\/users\/18"}],"replies":[{"embeddable":true,"href":"https:\/\/www.messinaoggi.it\/website\/wp-json\/wp\/v2\/comments?post=109127"}],"version-history":[{"count":0,"href":"https:\/\/www.messinaoggi.it\/website\/wp-json\/wp\/v2\/posts\/109127\/revisions"}],"wp:featuredmedia":[{"embeddable":true,"href":"https:\/\/www.messinaoggi.it\/website\/wp-json\/wp\/v2\/media\/109128"}],"wp:attachment":[{"href":"https:\/\/www.messinaoggi.it\/website\/wp-json\/wp\/v2\/media?parent=109127"}],"wp:term":[{"taxonomy":"category","embeddable":true,"href":"https:\/\/www.messinaoggi.it\/website\/wp-json\/wp\/v2\/categories?post=109127"},{"taxonomy":"post_tag","embeddable":true,"href":"https:\/\/www.messinaoggi.it\/website\/wp-json\/wp\/v2\/tags?post=109127"}],"curies":[{"name":"wp","href":"https:\/\/api.w.org\/{rel}","templated":true}]}}