{"id":109092,"date":"2022-05-25T14:47:34","date_gmt":"2022-05-25T12:47:34","guid":{"rendered":"https:\/\/www.messinaoggi.it\/website\/2022\/05\/25\/comunali-palermo-per-demopolis-lagalla-verso-la-vittoria-al-primo-turno\/"},"modified":"2022-05-25T14:47:34","modified_gmt":"2022-05-25T12:47:34","slug":"comunali-palermo-per-demopolis-lagalla-verso-la-vittoria-al-primo-turno","status":"publish","type":"post","link":"https:\/\/www.messinaoggi.it\/website\/2022\/05\/25\/comunali-palermo-per-demopolis-lagalla-verso-la-vittoria-al-primo-turno\/","title":{"rendered":"Comunali Palermo, per Demopolis Lagalla verso la vittoria al primo turno"},"content":{"rendered":"<div>\n<p>ROMA (ITALPRESS) \u2013 Un\u2019analisi dell\u2019Istituto Demopolis per il programma Otto e Mezzo di La7, a proposito delle elezioni comunali del prossimo 12 giugno, ha tracciato le tendenze elettorali di alcuni dei principali capoluoghi chiamati al voto.<br \/>\nSe a Genova il sindaco uscente di centrodestra, Marco Bucci, appare proiettato verso una riconferma gi\u00e0 al primo turno, pi\u00f9 aperta \u00e8 la partita di Verona, dove il primo cittadino uscente Federico Sboarina, finirebbe al ballottaggio con l\u2019ex calciatore della Roma, Damiano Tommasi, che corre per il centrosinistra. A Palermo, il candidato sindaco del centrodestra, Roberto Lagalla, \u00e8 oggi in netto vantaggio, proiettato verso una vittoria al primo turno per la successione a Leoluca Orlando. A Padova sfida a due tra il sindaco uscente Giordani del centrosinistra e il candidato del centrodestra Beghin. Sembra andare verso un ballottaggio anche Lucca. Molto combattuta la partita a Messina, con Basile, Croce e De Domenico a contendersi i voti dei cittadini.(ITALPRESS) \u2013 (SEGUE).<br \/>\nSe si votasse oggi per la Camera, secondo il sondaggio di Demopolis, Fratelli d\u2019Italia sarebbe al 22%, contro il 21,2% del Pd. Al terzo posto, al 16,5%, la Lega, con il Movimento 5 Stelle al 13% e Forza Italia all\u20198%. Sale al 4,2% Azione, mentre il partito di Matteo Renzi supera di poco il 2%.<br \/>\n\u2013 foto agenziafotogramma.it-<br \/>\n(ITALPRESS).<div id=\"div-gpt-ad-Messinaoggi.it-DSK-300x250-corpoart\" style=\"text-align:center;margin:0 auto;\"><\/div><\/p>\n<\/div>\n<div id=\"videoincontent\" style=\"clear:both\";><\/div>","protected":false},"excerpt":{"rendered":"<p>ROMA (ITALPRESS) \u2013 Un\u2019analisi dell\u2019Istituto Demopolis per il programma Otto e Mezzo di La7, a proposito delle elezioni comunali del prossimo 12 giugno, ha tracciato le tendenze elettorali di alcuni dei principali capoluoghi chiamati al voto. Se a Genova il sindaco uscente di centrodestra, Marco Bucci, appare proiettato verso una riconferma gi\u00e0 al primo turno, [&hellip;]<\/p>\n","protected":false},"author":18,"featured_media":109093,"comment_status":"closed","ping_status":"closed","sticky":false,"template":"","format":"standard","meta":{"ub_ctt_via":"","_mi_skip_tracking":false},"categories":[2449],"tags":[783],"featured_image_src":"https:\/\/www.messinaoggi.it\/website\/wp-content\/uploads\/2022\/05\/lagalla2.jpg","author_info":{"display_name":"Admin","author_link":"https:\/\/www.messinaoggi.it\/website\/author\/admin\/"},"digistream_id":0,"digistream":false,"_links":{"self":[{"href":"https:\/\/www.messinaoggi.it\/website\/wp-json\/wp\/v2\/posts\/109092"}],"collection":[{"href":"https:\/\/www.messinaoggi.it\/website\/wp-json\/wp\/v2\/posts"}],"about":[{"href":"https:\/\/www.messinaoggi.it\/website\/wp-json\/wp\/v2\/types\/post"}],"author":[{"embeddable":true,"href":"https:\/\/www.messinaoggi.it\/website\/wp-json\/wp\/v2\/users\/18"}],"replies":[{"embeddable":true,"href":"https:\/\/www.messinaoggi.it\/website\/wp-json\/wp\/v2\/comments?post=109092"}],"version-history":[{"count":0,"href":"https:\/\/www.messinaoggi.it\/website\/wp-json\/wp\/v2\/posts\/109092\/revisions"}],"wp:featuredmedia":[{"embeddable":true,"href":"https:\/\/www.messinaoggi.it\/website\/wp-json\/wp\/v2\/media\/109093"}],"wp:attachment":[{"href":"https:\/\/www.messinaoggi.it\/website\/wp-json\/wp\/v2\/media?parent=109092"}],"wp:term":[{"taxonomy":"category","embeddable":true,"href":"https:\/\/www.messinaoggi.it\/website\/wp-json\/wp\/v2\/categories?post=109092"},{"taxonomy":"post_tag","embeddable":true,"href":"https:\/\/www.messinaoggi.it\/website\/wp-json\/wp\/v2\/tags?post=109092"}],"curies":[{"name":"wp","href":"https:\/\/api.w.org\/{rel}","templated":true}]}}