{"id":109069,"date":"2022-05-25T12:07:41","date_gmt":"2022-05-25T10:07:41","guid":{"rendered":"https:\/\/www.messinaoggi.it\/website\/2022\/05\/25\/poverta-alimentare-da-unicredit-foundation-donazioni-per-23-mln\/"},"modified":"2022-05-25T12:07:41","modified_gmt":"2022-05-25T10:07:41","slug":"poverta-alimentare-da-unicredit-foundation-donazioni-per-23-mln","status":"publish","type":"post","link":"https:\/\/www.messinaoggi.it\/website\/2022\/05\/25\/poverta-alimentare-da-unicredit-foundation-donazioni-per-23-mln\/","title":{"rendered":"Povert\u00e0 alimentare, da Unicredit Foundation donazioni per 2,3 mln"},"content":{"rendered":"<div>ROMA (ITALPRESS) &#8211; La pandemia di Covid 19 ha avuto pesanti ripercussioni economiche e sociali in Italia, creando oltre 1 milione di nuovi poveri rispetto al periodo pre-pandemia.  In questi anni di pandemia, la povert\u00e0 in Italia \u00e8 salita ai massimi da 15 anni e la povert\u00e0 alimentare &#8211; in particolare nel Sud &#8211; \u00e8 diventata un problema critico. Nuova povert\u00e0 si \u00e8 aggiunta alla povert\u00e0 cronica, comportando un incremento delle famiglie assistite.<br \/>&#8220;E mentre la guerra in Ucraina sta giustamente richiamando l&#8217;attenzione del mondo, UniCredit Foundation &#8211; si legge in una nota &#8211; non dimentica che l&#8217;impatto della pandemia si fa ancora sentire e che le nostre comunit\u00e0 devono essere sostenute e sollevate dalla sofferenza. La presenza storica e radicata di UniCredit in tutta Italia le consente di sostenere queste comunit\u00e0 nei momenti difficili. Come banca, \u00e8 nostra responsabilit\u00e0 farlo, e UniCredit Foundation \u00e8 un importante veicolo attraverso il quale realizzare questo cambiamento sociale positivo&#8221;.<br \/>UniCredit Foundation prosegue il percorso iniziato nel 2021 per combattere la povert\u00e0 alimentare in Italia, annunciando l&#8217;erogazione di 2,3 milioni di Euro, per sostenere le organizzazioni impegnate sull&#8217;intero territorio nazionale nella distribuzione di generi alimentari a tutti coloro che versano in stato di grave difficolt\u00e0. Grazie alla donazione, 53 organizzazioni locali e nazionali potranno fornire l&#8217;equivalente di 1,8 milioni di pasti gratuiti in tutta Italia, di cui 1 milione diretti al Centro-Sud.<br \/>L&#8217;iniziativa \u00e8 stata resa possibile anche grazie al contributo di 500mila euro provenienti dal Fondo Carta Etica, alimentato grazie alle carte di credito etiche di UniCredit che, senza costi aggiuntivi per il cliente, permettono ad ogni utilizzo di contribuire a iniziative solidali.<br \/>Sommata alla precedente erogazione di 2,7 milioni di euro effettuata nel 2021, la Fondazione ha destinato complessivamente 5,1 milioni di euro alla lotta alla povert\u00e0 alimentare in Italia, l&#8217;equivalente di 3,8 milioni di pasti.<br \/>Andrea Orcel, Amministratore Delegato di UniCredit, sottolinea che &#8220;In UniCredit crediamo che le banche abbiano una responsabilit\u00e0 nei confronti delle comunit\u00e0 in cui operano. Quando queste prosperano, prosperiamo anche noi e quando sono in difficolt\u00e0 dobbiamo chiederci cosa possiamo fare per sostenerle. Ed \u00e8 proprio ci\u00f2 che abbiamo fatto non appena \u00e8 scoppiata la pandemia e che stiamo continuando a fare anche oggi. UniCredit Foundation svolge un ruolo fondamentale in questo senso, come dimostrano gli importanti fondi distribuiti e il significato che avranno per le persone, le famiglie e le comunit\u00e0 che versano in stato di difficolt\u00e0 in tutta Italia&#8221;.<div id=\"div-gpt-ad-Messinaoggi.it-DSK-300x250-corpoart\" style=\"text-align:center;margin:0 auto;\"><\/div><\/p>\n<p>Le 53 organizzazioni beneficiarie:<div id=\"videoincontent\" style=\"clear:both\";><\/div><\/p>\n<p>Nord Ovest<br \/>Banco Alimentare del Piemonte &#8211; Moncalieri<br \/>Banco Alimentare della Liguria &#8211; Genova<br \/>Gruppo di Volontariato Vincenziano Ignis Ardens &#8211; Novi Ligure<br \/>AMMP &#8211; Ass.ne Maria Madre della Provvidenza &#8211; Torino<br \/>Banco delle Opere di Carit\u00e0 &#8211; Caselle Torinese<\/p>\n<p>Lombardia<br \/>Banco di Solidariet\u00e0 &#8211; Como<br \/>Ass.ne Banco di Solidariet\u00e0 Alimentare &#8211; Nonsolopane &#8211; Varese<br \/>MT25 &#8211; Bergamo<br \/>Fondazione Progetto Arca &#8211; Milano<br \/>IBVA &#8211; Ass.ne Ist. Beata Vergine Addolorata &#8211; Milano<br \/>Refettorio Ambrosiano &#8211; Milano<br \/>Opera Cardinal Ferrari &#8211; Milano<br \/>Pane Quotidiano &#8211; Milano<br \/>Fond. Azione contro la Fame &#8211; Milano<\/p>\n<p>Nord Est<br \/>Frati Minori di San Bernardino &#8211; Verona<br \/>Ass.ne Trentinosolidale &#8211; Trento<br \/>Caritas diocesana di Belluno Feltre<br \/>Banco Alimentare del Veneto &#8211; Verona<br \/>Ass.ne Diakonia &#8211; Vicenza<br \/>Fondazione Nervo Pasini &#8211; Padova<\/p>\n<p>Centro Nord<br \/>Rete Alimentiamo &#8211; Pisa<br \/>Ass.ne Centoperuno &#8211; Parma<br \/>Fond. Buon Pastore &#8211; Caritas Forl\u00ec Bertinoro<br \/>Ass.ne No Sprechi &#8211; Imola<br \/>Ass.ne Porta Aperta &#8211; Carpi<br \/>Banco di Solidariet\u00e0 &#8211; Bologna<br \/>Ass.ne Il Melograno &#8211; Sassuolo<br \/>Centro di Solidariet\u00e0 &#8211; Carit\u00e0 &#8211; Ferrara<br \/>Conferenza San Vincenzo de Paoli Jesi<br \/>Ass.ne Banco di Solidariet\u00e0 Arca &#8211; Ascoli Piceno<br \/>Ass.ne San Vincenzo de Paoli &#8211; Ascoli Piceno<br \/>La Rete della Solidariet\u00e0 &#8211; Fermo<br \/>Ass.ne Antirazzista Assata Shakur &#8211; Ancona<br \/>Ass.ne Stracomunitari &#8211; Ancona<br \/>Centro di Solidariet\u00e0 della Compagnia delle Opere &#8211; Pesaro<br \/>Conf. San Vincenzo de Paoli &#8211; Senigallia<br \/>Ass.ne Messaggeri del Tempo &#8211; Macerata<br \/>Caritas Diocesana Citt\u00e0 di Castello &#8211; Perugia<br \/>Conf. San Vincenzo de Paoli &#8211; Parrocchia di Sant&#8217;Antonio &#8211; Terni<br \/>Banco di Solidariet\u00e0 Foiano della Chiana &#8211; Arezzo<br \/>Chiesa Cristiana Evangelica Pentecostale &#8211; Foligno<\/p>\n<p>Centro<br \/>Banco Alimentare dell&#8217;Abruzzo e Molise &#8211; Pescara<br \/>Caritas diocesana &#8211; Vicariato di Roma<br \/>Banco Alimentare della Sardegna &#8211; Cagliari<\/p>\n<p>Sud<br \/>Caritas diocesana &#8211; Arcidiocesi di Catanzaro-Squillace<br \/>Comunit\u00e0 di Sant&#8217;Egidio &#8211; Napoli<br \/>Mensa dei poveri &#8211; Parrocchia S. Maria delle Grazie di Santa Rosa &#8211; Lecce<br \/>Banco Alimentare della Calabria &#8211; Cosenza<br \/>Banco Alimentare della Daunia &#8211; Foggia<br \/>Banco Alimentare della Campania &#8211; Salerno<br \/>Banco delle Opere di Carit\u00e0 &#8211; Bari<\/p>\n<p>Sicilia<br \/>Comunit\u00e0 di Sant&#8217;Egidio Sicilia &#8211; Catania<br \/>Banco Alimentare Sicilia &#8211; Palermo<\/p>\n<p>foto: Ufficio stampa Unicredit<br \/>(ITALPRESS).<\/div>\n","protected":false},"excerpt":{"rendered":"<p>ROMA (ITALPRESS) &#8211; La pandemia di Covid 19 ha avuto pesanti ripercussioni economiche e sociali in Italia, creando oltre 1 milione di nuovi poveri rispetto al periodo pre-pandemia. In questi anni di pandemia, la povert\u00e0 in Italia \u00e8 salita ai massimi da 15 anni e la povert\u00e0 alimentare &#8211; in particolare nel Sud &#8211; \u00e8 [&hellip;]<\/p>\n","protected":false},"author":18,"featured_media":109070,"comment_status":"closed","ping_status":"closed","sticky":false,"template":"","format":"standard","meta":{"ub_ctt_via":"","_mi_skip_tracking":false},"categories":[446],"tags":[783],"featured_image_src":"https:\/\/www.messinaoggi.it\/website\/wp-content\/uploads\/2022\/05\/20220525_0341.jpg","author_info":{"display_name":"Admin","author_link":"https:\/\/www.messinaoggi.it\/website\/author\/admin\/"},"digistream_id":0,"digistream":false,"_links":{"self":[{"href":"https:\/\/www.messinaoggi.it\/website\/wp-json\/wp\/v2\/posts\/109069"}],"collection":[{"href":"https:\/\/www.messinaoggi.it\/website\/wp-json\/wp\/v2\/posts"}],"about":[{"href":"https:\/\/www.messinaoggi.it\/website\/wp-json\/wp\/v2\/types\/post"}],"author":[{"embeddable":true,"href":"https:\/\/www.messinaoggi.it\/website\/wp-json\/wp\/v2\/users\/18"}],"replies":[{"embeddable":true,"href":"https:\/\/www.messinaoggi.it\/website\/wp-json\/wp\/v2\/comments?post=109069"}],"version-history":[{"count":0,"href":"https:\/\/www.messinaoggi.it\/website\/wp-json\/wp\/v2\/posts\/109069\/revisions"}],"wp:featuredmedia":[{"embeddable":true,"href":"https:\/\/www.messinaoggi.it\/website\/wp-json\/wp\/v2\/media\/109070"}],"wp:attachment":[{"href":"https:\/\/www.messinaoggi.it\/website\/wp-json\/wp\/v2\/media?parent=109069"}],"wp:term":[{"taxonomy":"category","embeddable":true,"href":"https:\/\/www.messinaoggi.it\/website\/wp-json\/wp\/v2\/categories?post=109069"},{"taxonomy":"post_tag","embeddable":true,"href":"https:\/\/www.messinaoggi.it\/website\/wp-json\/wp\/v2\/tags?post=109069"}],"curies":[{"name":"wp","href":"https:\/\/api.w.org\/{rel}","templated":true}]}}