{"id":109067,"date":"2022-05-25T12:07:40","date_gmt":"2022-05-25T10:07:40","guid":{"rendered":"https:\/\/www.messinaoggi.it\/website\/2022\/05\/25\/bergamo-da-fno-tsrm-e-pstrp-solidarieta-a-vittime-aggressioni-no-vax\/"},"modified":"2022-05-25T12:07:40","modified_gmt":"2022-05-25T10:07:40","slug":"bergamo-da-fno-tsrm-e-pstrp-solidarieta-a-vittime-aggressioni-no-vax","status":"publish","type":"post","link":"https:\/\/www.messinaoggi.it\/website\/2022\/05\/25\/bergamo-da-fno-tsrm-e-pstrp-solidarieta-a-vittime-aggressioni-no-vax\/","title":{"rendered":"Bergamo, da Fno Tsrm e Pstrp solidariet\u00e0 a vittime aggressioni No Vax"},"content":{"rendered":"<div>MILANO (ITALPRESS) &#8211; Si \u00e8 svolto il 24 maggio a Bergamo un incontro tra le istituzioni per esprimere solidariet\u00e0 agli Ordini Tsrm (tecnici sanitari di radiologia medica) e Pstrp (professioni sanitarie tecniche della riabilitazione e della prevenzione) e ai loro rappresentanti, per gli atti intimidatori subiti nelle scorse settimane. Le azioni, come nei casi registrati a Bergamo e a Brescia, trovano la loro origine nel decreto legge 172 del 2021 e negli atti successivi sulla verifica dell&#8217;adempimento dell&#8217;obbligo vaccinale da parte degli Ordini nei confronti degli iscritti. &#8220;Un disegno eversivo adottato da pochi, ma determinati, soggetti che si sta manifestando nelle ultime settimane con azioni come quelle che hanno interessato, tra gli altri, gli Ordini Tsrm e Pstrp di Bergamo e Brescia &#8211; si legge in una nota -. In questa strategia rientrano le azioni coordinate al fine di bocciare i bilanci consuntivi durante le assemblee convocate dagli Ordini, per mera e dichiarata protesta contro l&#8217;applicazione di quanto previsto dalla legge, senza rilevare o indicare mancanze amministrative, quindi senza alcuna argomentazione pertinente&#8221;.<br \/>L&#8217;evento, che ha riunito a Bergamo, e simbolicamente a Brescia, il Comitato centrale della Federazione nazionale degli Ordini Tsrm e Pstrp e i rappresentanti delle altre autorit\u00e0 locali, non \u00e8 solo l&#8217;espressione chiara e piena solidariet\u00e0 e vicinanza alle istituzioni territoriali, ma rappresenta una presa di posizione contro ogni forma di violenza, di minaccia che ha come finalit\u00e0 quella di far desistere gli Ordini dal compiere quanto richiestogli in qualit\u00e0 di Enti sussidiari dello Stato.<br \/>&#8220;Il nostro compito \u00e8 quello di ascoltare, instaurare un confronto positivo con i nostri iscritti, ci\u00f2 nonostante non potremo mai venir meno alla responsabilit\u00e0 del nostro ruolo, Enti sussidiari dello Stato, e pertanto contrasteremo sempre chi rivendica la libert\u00e0 di pensiero, parola e azione, senza tener conto che queste devono essere compensate da equilibrio, responsabilit\u00e0 e assenza di presunzione di possedere la verit\u00e0 &#8211; ha affermato Teresa Calandra, presidente della Fno Tsrm e Pstrp -. Oggi abbiamo ricevuto la manifestazione di solidariet\u00e0 da parte di tutti gli Organi istituzionali invitati, anche di quelli che non hanno potuto essere presenti, alcuni dei quali, purtroppo, stanno patendo aggressioni simili alle nostre, anch&#8217;essi perch\u00e8 stanno facendo quanto a loro richiesto dalla norma&#8221;. Durante la riunione, la presidente della Fno Tsrm e Pstrp ha voluto ricordare le parole di Giovanni Falcone, emblema di legalit\u00e0: &#8220;Perch\u00e8 una societ\u00e0 vada bene, si muova nel progresso, nell&#8217;esaltazione dei valori, della famiglia, dello spirito, del bene, dell&#8217;amicizia, perch\u00e8 prosperi senza contrasti tra i vari consociati, per avviarsi serena nel cammino verso un domani migliore, basta che ognuno faccia il suo dovere&#8221;. Calandra ha concluso dicendo, &#8220;Noi stiamo facendo il nostro, motivo per il quale non ci aspettiamo ringraziamenti, ma solidariet\u00e0 e sostegno, come oggi \u00e8 stato testimoniato sia da parte del Comitato centrale che delle altre Istituzioni presenti, tutte espressioni dello stesso Stato: Regione, Assessorati, Province, Comuni, Prefetture, Questure, Forze dell&#8217;ordine e Ordini delle altre professioni sanitarie&#8221;.<div id=\"div-gpt-ad-Messinaoggi.it-DSK-300x250-corpoart\" style=\"text-align:center;margin:0 auto;\"><\/div><\/p>\n<p>(ITALPRESS).<div id=\"videoincontent\" style=\"clear:both\";><\/div><\/p>\n<p>&#8211; foto ufficio stampa Tsrm e Pstrp &#8211;<\/p>\n<p>(ITALPRESS).<\/p><\/div>\n","protected":false},"excerpt":{"rendered":"<p>MILANO (ITALPRESS) &#8211; Si \u00e8 svolto il 24 maggio a Bergamo un incontro tra le istituzioni per esprimere solidariet\u00e0 agli Ordini Tsrm (tecnici sanitari di radiologia medica) e Pstrp (professioni sanitarie tecniche della riabilitazione e della prevenzione) e ai loro rappresentanti, per gli atti intimidatori subiti nelle scorse settimane. Le azioni, come nei casi registrati [&hellip;]<\/p>\n","protected":false},"author":18,"featured_media":109068,"comment_status":"closed","ping_status":"closed","sticky":false,"template":"","format":"standard","meta":{"ub_ctt_via":"","_mi_skip_tracking":false},"categories":[446],"tags":[783],"featured_image_src":"https:\/\/www.messinaoggi.it\/website\/wp-content\/uploads\/2022\/05\/20220525_0285.jpg","author_info":{"display_name":"Admin","author_link":"https:\/\/www.messinaoggi.it\/website\/author\/admin\/"},"digistream_id":0,"digistream":false,"_links":{"self":[{"href":"https:\/\/www.messinaoggi.it\/website\/wp-json\/wp\/v2\/posts\/109067"}],"collection":[{"href":"https:\/\/www.messinaoggi.it\/website\/wp-json\/wp\/v2\/posts"}],"about":[{"href":"https:\/\/www.messinaoggi.it\/website\/wp-json\/wp\/v2\/types\/post"}],"author":[{"embeddable":true,"href":"https:\/\/www.messinaoggi.it\/website\/wp-json\/wp\/v2\/users\/18"}],"replies":[{"embeddable":true,"href":"https:\/\/www.messinaoggi.it\/website\/wp-json\/wp\/v2\/comments?post=109067"}],"version-history":[{"count":0,"href":"https:\/\/www.messinaoggi.it\/website\/wp-json\/wp\/v2\/posts\/109067\/revisions"}],"wp:featuredmedia":[{"embeddable":true,"href":"https:\/\/www.messinaoggi.it\/website\/wp-json\/wp\/v2\/media\/109068"}],"wp:attachment":[{"href":"https:\/\/www.messinaoggi.it\/website\/wp-json\/wp\/v2\/media?parent=109067"}],"wp:term":[{"taxonomy":"category","embeddable":true,"href":"https:\/\/www.messinaoggi.it\/website\/wp-json\/wp\/v2\/categories?post=109067"},{"taxonomy":"post_tag","embeddable":true,"href":"https:\/\/www.messinaoggi.it\/website\/wp-json\/wp\/v2\/tags?post=109067"}],"curies":[{"name":"wp","href":"https:\/\/api.w.org\/{rel}","templated":true}]}}