{"id":109031,"date":"2022-05-25T09:07:32","date_gmt":"2022-05-25T07:07:32","guid":{"rendered":"https:\/\/www.messinaoggi.it\/website\/2022\/05\/25\/governo-toti-alleanza-larga-anche-dopo-il-voto\/"},"modified":"2022-05-25T09:40:58","modified_gmt":"2022-05-25T07:40:58","slug":"governo-toti-alleanza-larga-anche-dopo-il-voto","status":"publish","type":"post","link":"https:\/\/www.messinaoggi.it\/website\/2022\/05\/25\/governo-toti-alleanza-larga-anche-dopo-il-voto\/","title":{"rendered":"Governo, Toti \u201cAlleanza larga anche dopo il voto\u201d"},"content":{"rendered":"<div>MILANO (ITALPRESS) &#8211; &#8220;La questione dei balneari \u00e8 importante ma non ci possiamo permettere uno scontro all&#8217;arma bianca su quel tema, specie dopo che il Parlamento italiano \u00e8 intervenuto per due volte e per due volte non \u00e8 riuscito ad essere minimamente risolutivo e ha scaricato su sindaci e Regioni una serie di problemi tutt&#8217;ora aperti. Diamo tutte le garanzie che possiamo alle imprese familiari per\u00f2 poi arriviamo a una soluzione\u00bb. E&#8217; il pensiero del centrista e governatore della Liguria Giovanni Toti in una intervista al Corriere della Sera.<br \/>\n&#8220;La politica in questi mesi non si \u00e8 adoprata con costruttivit\u00e0 per realizzare i presupposti della fine di questa legislatura e dell&#8217;inizio della prossima. Le coalizioni sono lacerate al loro interno, i partiti entrano in un anno elettorale in cui la visibilit\u00e0 diventa fondamentale per la loro sopravvivenza e la riduzione dei parlamentari non ha aiutato&#8230;&#8221; continua Toti.<br \/>\n\u00abSono preoccupato perch\u00e8 vedo i partiti totalmente indifferenti al tema della governabilit\u00e0 e quindi della legge elettorale. Capisco che l&#8217;argomento non appassioni il grande pubblico ma chi fa politica dovrebbe porsi qualche domanda\u00bb.<br \/>\n\u00abIo sono laico: si pu\u00f2 andare al bipartitismo con le primarie all&#8217;americana o si pu\u00f2 andare al proporzionale. Ragioniamone, ma il fatto che questa legge elettorale non abbia funzionato \u00e8 sotto gli occhi di tutti&#8221; prosegue l&#8217;analisi di Toti.<br \/>\n\u00abSe resta questa legge elettorale succeder\u00e0 una cosa molto semplice. Che dopo le elezioni le coalizioni in Parlamento, come \u00e8 accaduto in questa legislatura, si sparpaglieranno e cercheranno equilibri diversi\u00bb &#8220;Bisognerebbe abbassare i toni della campagna elettorale, trovare degli elementi comuni di sistema e magari costruire i presupposti di un&#8217;alleanza larga anche nella prossima legislatura, perch\u00e8 dobbiamo ultimare ancora il Pnrr e non sappiamo quanto continuer\u00e0 la guerra. Ci vorrebbe un atto di responsabilit\u00e0, uno spirito draghiano&#8230; Se non Draghi, che almeno il suo spirito sia pervasivo. I partiti dovrebbero rimboccarsi le maniche e riassumere una cultura di governo nel loro dna\u00bb.<div id=\"div-gpt-ad-Messinaoggi.it-DSK-300x250-corpoart\" style=\"text-align:center;margin:0 auto;\"><\/div><\/p>\n<p>foto: Agenziafotogramma.it<div id=\"videoincontent\" style=\"clear:both\";><\/div><\/p>\n<p>(ITALPRESS).<\/p><\/div>\n","protected":false},"excerpt":{"rendered":"<p>MILANO (ITALPRESS) &#8211; &#8220;La questione dei balneari \u00e8 importante ma non ci possiamo permettere uno scontro all&#8217;arma bianca su quel tema, specie dopo che il Parlamento italiano \u00e8 intervenuto per due volte e per due volte non \u00e8 riuscito ad essere minimamente risolutivo e ha scaricato su sindaci e Regioni una serie di problemi tutt&#8217;ora [&hellip;]<\/p>\n","protected":false},"author":18,"featured_media":109032,"comment_status":"closed","ping_status":"closed","sticky":false,"template":"","format":"standard","meta":{"ub_ctt_via":"","_mi_skip_tracking":false},"categories":[446,4],"tags":[783],"featured_image_src":"https:\/\/www.messinaoggi.it\/website\/wp-content\/uploads\/2022\/05\/20220525_0083.jpg","author_info":{"display_name":"Admin","author_link":"https:\/\/www.messinaoggi.it\/website\/author\/admin\/"},"digistream_id":0,"digistream":false,"_links":{"self":[{"href":"https:\/\/www.messinaoggi.it\/website\/wp-json\/wp\/v2\/posts\/109031"}],"collection":[{"href":"https:\/\/www.messinaoggi.it\/website\/wp-json\/wp\/v2\/posts"}],"about":[{"href":"https:\/\/www.messinaoggi.it\/website\/wp-json\/wp\/v2\/types\/post"}],"author":[{"embeddable":true,"href":"https:\/\/www.messinaoggi.it\/website\/wp-json\/wp\/v2\/users\/18"}],"replies":[{"embeddable":true,"href":"https:\/\/www.messinaoggi.it\/website\/wp-json\/wp\/v2\/comments?post=109031"}],"version-history":[{"count":1,"href":"https:\/\/www.messinaoggi.it\/website\/wp-json\/wp\/v2\/posts\/109031\/revisions"}],"predecessor-version":[{"id":109041,"href":"https:\/\/www.messinaoggi.it\/website\/wp-json\/wp\/v2\/posts\/109031\/revisions\/109041"}],"wp:featuredmedia":[{"embeddable":true,"href":"https:\/\/www.messinaoggi.it\/website\/wp-json\/wp\/v2\/media\/109032"}],"wp:attachment":[{"href":"https:\/\/www.messinaoggi.it\/website\/wp-json\/wp\/v2\/media?parent=109031"}],"wp:term":[{"taxonomy":"category","embeddable":true,"href":"https:\/\/www.messinaoggi.it\/website\/wp-json\/wp\/v2\/categories?post=109031"},{"taxonomy":"post_tag","embeddable":true,"href":"https:\/\/www.messinaoggi.it\/website\/wp-json\/wp\/v2\/tags?post=109031"}],"curies":[{"name":"wp","href":"https:\/\/api.w.org\/{rel}","templated":true}]}}