{"id":109005,"date":"2022-05-24T19:07:36","date_gmt":"2022-05-24T17:07:36","guid":{"rendered":"https:\/\/www.messinaoggi.it\/website\/2022\/05\/24\/pro-loco-una-fondazione-per-rafforzare-la-tutela-della-cultura\/"},"modified":"2022-05-24T19:07:36","modified_gmt":"2022-05-24T17:07:36","slug":"pro-loco-una-fondazione-per-rafforzare-la-tutela-della-cultura","status":"publish","type":"post","link":"https:\/\/www.messinaoggi.it\/website\/2022\/05\/24\/pro-loco-una-fondazione-per-rafforzare-la-tutela-della-cultura\/","title":{"rendered":"Pro Loco, una Fondazione per rafforzare la tutela della cultura"},"content":{"rendered":"<div>ROMA (ITALPRESS) &#8211; Salvaguardia, valorizzazione e tutela del patrimonio culturale immateriale \u00e8 questa la missione della Fondazione Pro Loco Italia Ets, che si affianca, con un&#8217;azione complementare, alla centenaria storia di valorizzazione di questi patrimoni quotidianamente svolta dalle Pro Loco. L&#8217;ente \u00e8 stato presentato nella sala &#8220;Spadolini&#8221; del Ministero della Cultura, alla presenza di autorevoli esponenti del Governo, del Parlamento, del mondo della cultura, ricerca, turismo e della filantropia italiana.<br \/>&#8220;Il valore delle Pro Loco italiane \u00e8 inestimabile: sono da sempre il cuore pulsante delle nostre comunit\u00e0, grazie all&#8217;impegno degli oltre 600 mila volontari in tutto il Paese, capaci di raccontare di generazione in generazione le tradizioni di un&#8217;Italia creativa, varia, ricca di cultura e di un patrimonio unico al mondo&#8221;, ha affermato il Ministro per i rapporti con il Parlamento Federico D&#8217;Inc\u00e0. &#8220;Uno spirito ben rappresentato dalla Fondazione che si adoperer\u00e0 per rafforzare queste preziose attivit\u00e0, coniugando turismo, ambiente e sostenibilit\u00e0, chiavi vincenti per la trasformazione del Paese su cui il Governo, anche attraverso l&#8217;articolazione del Piano nazionale di Ripresa e Resilienza, crede fortemente&#8221;, ha concluso D&#8217;Inca. <br \/>La Fondazione nasce da radici profonde, grazie all&#8217;impegno di oltre 6300 Pro Loco attive in tutt&#8217;Italia. Associazioni che operano tutti i giorni a favore delle proprie comunit\u00e0 mettendo a disposizione oltre 25 mln di ore di volontariato annue e dimostrando come l&#8217;identit\u00e0 culturale di ogni comunit\u00e0 sia alla base della attivit\u00e0 quotidiana.<br \/>&#8220;La Fondazione nasce per rafforzare ancora di pi\u00f9 il valore delle Pro Loco e dell&#8217;Unpli, affiancando e non sostituendo il lavoro dell&#8217;Unione Nazionale Pro Loco d&#8217;Italia, creando cos\u00ec una struttura che vuole, lavorare e studiare sul patrimonio immateriale con un approccio scientifico. Un&#8217;attivit\u00e0 che partir\u00e0 dal censimento del patrimonio culturale immateriale e materiale valorizzando riti, saperi, tradizione e storie tramandate all&#8217;interno delle comunit\u00e0 locali&#8221;, ha affermato il presidente dell&#8217;Unpli e della Fondazione Pro Loco Ets e Antonino La Spina.<br \/>Nata nel dicembre 2021 e diretta da Pietro Ferrari Bravo, Fondazione Pro Loco Italia Ets non ha scopo di lucro ed \u00e8 costituita per il perseguimento di finalit\u00e0 civiche solidaristiche e di utilit\u00e0 sociale, nel settore dell&#8217;istruzione, della formazione e della cultura.<br \/>&#8220;Chi non conosceva il mondo delle Pro Loco, dopo questi due anni di pandemia e di grande difficolt\u00e0, si \u00e8 dovuto ricredere. L&#8217;attenzione \u00e8 il sostegno a chi aveva bisogno, questo \u00e8 il cuore del volontariato, questi sono i volontari delle Pro Loco. Oggi come istituzioni dobbiamo pi\u00f9 che mai salvaguardare questo patrimonio delle nostre comunit\u00e0&#8221;, ha sottolineato il senatore Udc Antonio De Poli, che \u00e8 autore di un disegno di legge sulle Pro Loco in Senato. <br \/>Alla presentazione della Fondazione sono intervenuti, fra gli altri, Andrea Favaretto (CGIA Mestre e membro CdA Fondazione Pro Loco Italia), Fernando Tomasello (Vicepresidente UNPLI),  Angelantonio Orlando (Direttore Unit\u00e0 di Missione per l&#8217;attuazione del PNRR del Min. della Cultura), Daniele D&#8217;Amario (Assessore al Turismo Reg. Abruzzo e Coordinatore Naz. Turismo Conferenza delle Regioni) e Roberto Pella (Vicepresidente ANCI).<br \/>I lavori sono proseguiti con i contributi di Mariassunta Peci (Direttore Servizio II &#8211; Ufficio UNESCO del Ministero della Cultura), Lorenzo Quinzi (Segretario Generale Ministero del Turismo) e Sandro Pappalardo (Consigliere ENIT), Carola Carazzone (Segretario Generale Assifero), Carlo Borgomeo (Presidente Fondazione CON IL SUD), Giuseppe De Rita (Presidente Censis), Alessandro Lombardi (Direttore Generale Terzo Settore e responsabilit\u00e0 sociale delle imprese), Stefano Arduini (Direttore responsabile Vita), Luigi Bobba (Presidente Terzius) e Gabriele Sepio (Giurista Esperto Terzo Settore).<br \/>La presentazione \u00e8 stata moderata dal giornalista Stefano La Marca (Caporedattore politico-economico TgCom24). Ulteriori info sulla Fondazione sono disponibili all&#8217;indirizzo internet https:\/\/www.fondazioneprolocoitalia.it\/<div id=\"div-gpt-ad-Messinaoggi.it-DSK-300x250-corpoart\" style=\"text-align:center;margin:0 auto;\"><\/div><\/p>\n<p>&#8211; foto ufficio stampa Unpli &#8211;<div id=\"videoincontent\" style=\"clear:both\";><\/div><\/p>\n<p>(ITALPRESS).<\/p><\/div>\n","protected":false},"excerpt":{"rendered":"<p>ROMA (ITALPRESS) &#8211; Salvaguardia, valorizzazione e tutela del patrimonio culturale immateriale \u00e8 questa la missione della Fondazione Pro Loco Italia Ets, che si affianca, con un&#8217;azione complementare, alla centenaria storia di valorizzazione di questi patrimoni quotidianamente svolta dalle Pro Loco. L&#8217;ente \u00e8 stato presentato nella sala &#8220;Spadolini&#8221; del Ministero della Cultura, alla presenza di autorevoli [&hellip;]<\/p>\n","protected":false},"author":18,"featured_media":109006,"comment_status":"closed","ping_status":"closed","sticky":false,"template":"","format":"standard","meta":{"ub_ctt_via":"","_mi_skip_tracking":false},"categories":[446],"tags":[783],"featured_image_src":"https:\/\/www.messinaoggi.it\/website\/wp-content\/uploads\/2022\/05\/20220524_2174.jpg","author_info":{"display_name":"Admin","author_link":"https:\/\/www.messinaoggi.it\/website\/author\/admin\/"},"digistream_id":0,"digistream":false,"_links":{"self":[{"href":"https:\/\/www.messinaoggi.it\/website\/wp-json\/wp\/v2\/posts\/109005"}],"collection":[{"href":"https:\/\/www.messinaoggi.it\/website\/wp-json\/wp\/v2\/posts"}],"about":[{"href":"https:\/\/www.messinaoggi.it\/website\/wp-json\/wp\/v2\/types\/post"}],"author":[{"embeddable":true,"href":"https:\/\/www.messinaoggi.it\/website\/wp-json\/wp\/v2\/users\/18"}],"replies":[{"embeddable":true,"href":"https:\/\/www.messinaoggi.it\/website\/wp-json\/wp\/v2\/comments?post=109005"}],"version-history":[{"count":0,"href":"https:\/\/www.messinaoggi.it\/website\/wp-json\/wp\/v2\/posts\/109005\/revisions"}],"wp:featuredmedia":[{"embeddable":true,"href":"https:\/\/www.messinaoggi.it\/website\/wp-json\/wp\/v2\/media\/109006"}],"wp:attachment":[{"href":"https:\/\/www.messinaoggi.it\/website\/wp-json\/wp\/v2\/media?parent=109005"}],"wp:term":[{"taxonomy":"category","embeddable":true,"href":"https:\/\/www.messinaoggi.it\/website\/wp-json\/wp\/v2\/categories?post=109005"},{"taxonomy":"post_tag","embeddable":true,"href":"https:\/\/www.messinaoggi.it\/website\/wp-json\/wp\/v2\/tags?post=109005"}],"curies":[{"name":"wp","href":"https:\/\/api.w.org\/{rel}","templated":true}]}}