{"id":108975,"date":"2022-05-24T18:07:36","date_gmt":"2022-05-24T16:07:36","guid":{"rendered":"https:\/\/www.messinaoggi.it\/website\/2022\/05\/24\/roma-pronta-alla-finale-mourinho-sappiamo-cosa-fare\/"},"modified":"2022-05-24T18:07:36","modified_gmt":"2022-05-24T16:07:36","slug":"roma-pronta-alla-finale-mourinho-sappiamo-cosa-fare","status":"publish","type":"post","link":"https:\/\/www.messinaoggi.it\/website\/2022\/05\/24\/roma-pronta-alla-finale-mourinho-sappiamo-cosa-fare\/","title":{"rendered":"Roma pronta alla finale, Mourinho \u201cSappiamo cosa fare\u201d"},"content":{"rendered":"<div>TIRANA (ALBANIA) (ITALPRESS) &#8211; &#8220;Bisogna fare tutto quello che si fa per ogni partita, anche se \u00e8 una finale, \u00e8 l&#8217;ultima partita della stagione e c&#8217;\u00e8 in palio qualcosa di speciale come un trofeo&#8221;. Jos\u00e8 Mourinho, ai microfoni di Sky Sport, prova a &#8216;normalizzar\u00e8 la vigilia della sfida col Feyenoord a Tirana, ultimo atto della Conference League. Per la Roma la grande chance di tornare a vincere un trofeo. &#8220;Questa gara fa parte di un percorso per il gruppo e a livello individuale giocare una finale ti permette di crescere &#8211; sottolinea ancora il tecnico portoghese &#8211; Che Feyenoord mi aspetto? Hanno avuto tanto tempo per prepararsi e lavorare, potrebbero aver preparato qualcosa di diverso: gi\u00e0 nel ritorno della semifinale col Marsiglia, dove hanno fatto 0-0, hanno giocato una partita diversa rispetto a quella che \u00e8 la loro filosofia. Ma noi sappiamo come vogliamo giocare&#8221;. Recuperato Mkhitaryan: &#8220;Ha la condizione fisica per aiutare la squadra, siamo ottimisti. Ieri ha fatto dei test veri e abbiamo sensazioni positive&#8221;. &#8220;Abbiamo iniziato la stagione in maniera positiva &#8211; dice dal canto suo capitan Lorenzo Pellegrini &#8211; poi ci sono stati dei momenti in cui ci siamo dovuti ritrovare sotto qualche aspetto, per cui abbiamo cambiato modulo, fatto alcuni aggiustamenti che sono normali quando inizia un nuovo percorso. Ma la cosa pi\u00f9 importante \u00e8 stata la crescita della squadra, sotto ogni punto di vista, in Europa e in campionato: la coppa sarebbe la ciliegina sulla torta della nostra crescita, del percorso fatto&#8221;. Per il capitano giallorosso, romano e romanista, sarebbe un momento speciale. &#8220;E&#8217; bello avere questa responsabilit\u00e0 piuttosto che stare a casa sul divano a guardare gli altri che giocano. Questa responsabilit\u00e0 ce la prendiamo tutti: domani sar\u00e0 una grande partita e una grande giornata&#8221;.<br \/>&#8211; foto LivePhotoSport &#8211; <br \/>(ITALPRESS).<\/div>\n<div id=\"div-gpt-ad-Messinaoggi.it-DSK-300x250-corpoart\" style=\"text-align:center;margin:0 auto;\"><\/div><\/p><div id=\"videoincontent\" style=\"clear:both\";><\/div>","protected":false},"excerpt":{"rendered":"<p>TIRANA (ALBANIA) (ITALPRESS) &#8211; &#8220;Bisogna fare tutto quello che si fa per ogni partita, anche se \u00e8 una finale, \u00e8 l&#8217;ultima partita della stagione e c&#8217;\u00e8 in palio qualcosa di speciale come un trofeo&#8221;. Jos\u00e8 Mourinho, ai microfoni di Sky Sport, prova a &#8216;normalizzar\u00e8 la vigilia della sfida col Feyenoord a Tirana, ultimo atto della [&hellip;]<\/p>\n","protected":false},"author":18,"featured_media":108976,"comment_status":"closed","ping_status":"closed","sticky":false,"template":"","format":"standard","meta":{"ub_ctt_via":"","_mi_skip_tracking":false},"categories":[446],"tags":[783],"featured_image_src":"https:\/\/www.messinaoggi.it\/website\/wp-content\/uploads\/2022\/05\/20220524_2042.jpg","author_info":{"display_name":"Admin","author_link":"https:\/\/www.messinaoggi.it\/website\/author\/admin\/"},"digistream_id":0,"digistream":false,"_links":{"self":[{"href":"https:\/\/www.messinaoggi.it\/website\/wp-json\/wp\/v2\/posts\/108975"}],"collection":[{"href":"https:\/\/www.messinaoggi.it\/website\/wp-json\/wp\/v2\/posts"}],"about":[{"href":"https:\/\/www.messinaoggi.it\/website\/wp-json\/wp\/v2\/types\/post"}],"author":[{"embeddable":true,"href":"https:\/\/www.messinaoggi.it\/website\/wp-json\/wp\/v2\/users\/18"}],"replies":[{"embeddable":true,"href":"https:\/\/www.messinaoggi.it\/website\/wp-json\/wp\/v2\/comments?post=108975"}],"version-history":[{"count":0,"href":"https:\/\/www.messinaoggi.it\/website\/wp-json\/wp\/v2\/posts\/108975\/revisions"}],"wp:featuredmedia":[{"embeddable":true,"href":"https:\/\/www.messinaoggi.it\/website\/wp-json\/wp\/v2\/media\/108976"}],"wp:attachment":[{"href":"https:\/\/www.messinaoggi.it\/website\/wp-json\/wp\/v2\/media?parent=108975"}],"wp:term":[{"taxonomy":"category","embeddable":true,"href":"https:\/\/www.messinaoggi.it\/website\/wp-json\/wp\/v2\/categories?post=108975"},{"taxonomy":"post_tag","embeddable":true,"href":"https:\/\/www.messinaoggi.it\/website\/wp-json\/wp\/v2\/tags?post=108975"}],"curies":[{"name":"wp","href":"https:\/\/api.w.org\/{rel}","templated":true}]}}