{"id":108969,"date":"2022-05-24T17:07:36","date_gmt":"2022-05-24T15:07:36","guid":{"rendered":"https:\/\/www.messinaoggi.it\/website\/2022\/05\/24\/bruce-springsteen-tre-date-in-italia-nel-2023\/"},"modified":"2022-05-24T17:07:36","modified_gmt":"2022-05-24T15:07:36","slug":"bruce-springsteen-tre-date-in-italia-nel-2023","status":"publish","type":"post","link":"https:\/\/www.messinaoggi.it\/website\/2022\/05\/24\/bruce-springsteen-tre-date-in-italia-nel-2023\/","title":{"rendered":"Bruce Springsteen, tre date in Italia nel 2023"},"content":{"rendered":"<div>ROMA (ITALPRESS) &#8211; Bruce Springsteen and The E Street Band si esibiranno in Italia in tre date live: gioved\u00ec 18 maggio 2023 al Parco Urbano Giorgio Bassani di Ferrara, domenica 21 maggio 2023 al Circo Massimo di Roma e marted\u00ec 25 luglio 2023 al Prato della Gerascia, all&#8217;interno dell&#8217;Autodromo Nazionale di Monza.<br \/>Il 2023 vedr\u00e0 il ritorno on the road di Bruce Springsteen and The E Street Band, con una serie di date &#8211; ancora da svelare &#8211; nei palazzetti americani, seguite da un tour europeo che avr\u00e0 inizio il 28 aprile a Barcellona, e una seconda parte del tour americano a partire dal mese di agosto.<br \/>-foto ufficio stampa tour Springsteen-<br \/>(ITALPRESS).<\/div>\n<div id=\"div-gpt-ad-Messinaoggi.it-DSK-300x250-corpoart\" style=\"text-align:center;margin:0 auto;\"><\/div><\/p><div id=\"videoincontent\" style=\"clear:both\";><\/div>","protected":false},"excerpt":{"rendered":"<p>ROMA (ITALPRESS) &#8211; Bruce Springsteen and The E Street Band si esibiranno in Italia in tre date live: gioved\u00ec 18 maggio 2023 al Parco Urbano Giorgio Bassani di Ferrara, domenica 21 maggio 2023 al Circo Massimo di Roma e marted\u00ec 25 luglio 2023 al Prato della Gerascia, all&#8217;interno dell&#8217;Autodromo Nazionale di Monza.Il 2023 vedr\u00e0 il [&hellip;]<\/p>\n","protected":false},"author":18,"featured_media":108970,"comment_status":"closed","ping_status":"closed","sticky":false,"template":"","format":"standard","meta":{"ub_ctt_via":"","_mi_skip_tracking":false},"categories":[446],"tags":[783],"featured_image_src":"https:\/\/www.messinaoggi.it\/website\/wp-content\/uploads\/2022\/05\/20220524_1861.jpg","author_info":{"display_name":"Admin","author_link":"https:\/\/www.messinaoggi.it\/website\/author\/admin\/"},"digistream_id":0,"digistream":false,"_links":{"self":[{"href":"https:\/\/www.messinaoggi.it\/website\/wp-json\/wp\/v2\/posts\/108969"}],"collection":[{"href":"https:\/\/www.messinaoggi.it\/website\/wp-json\/wp\/v2\/posts"}],"about":[{"href":"https:\/\/www.messinaoggi.it\/website\/wp-json\/wp\/v2\/types\/post"}],"author":[{"embeddable":true,"href":"https:\/\/www.messinaoggi.it\/website\/wp-json\/wp\/v2\/users\/18"}],"replies":[{"embeddable":true,"href":"https:\/\/www.messinaoggi.it\/website\/wp-json\/wp\/v2\/comments?post=108969"}],"version-history":[{"count":0,"href":"https:\/\/www.messinaoggi.it\/website\/wp-json\/wp\/v2\/posts\/108969\/revisions"}],"wp:featuredmedia":[{"embeddable":true,"href":"https:\/\/www.messinaoggi.it\/website\/wp-json\/wp\/v2\/media\/108970"}],"wp:attachment":[{"href":"https:\/\/www.messinaoggi.it\/website\/wp-json\/wp\/v2\/media?parent=108969"}],"wp:term":[{"taxonomy":"category","embeddable":true,"href":"https:\/\/www.messinaoggi.it\/website\/wp-json\/wp\/v2\/categories?post=108969"},{"taxonomy":"post_tag","embeddable":true,"href":"https:\/\/www.messinaoggi.it\/website\/wp-json\/wp\/v2\/tags?post=108969"}],"curies":[{"name":"wp","href":"https:\/\/api.w.org\/{rel}","templated":true}]}}