{"id":108790,"date":"2022-05-23T10:16:56","date_gmt":"2022-05-23T08:16:56","guid":{"rendered":"http:\/\/www.messinaoggi.it\/website\/?p=108790"},"modified":"2022-05-23T10:16:58","modified_gmt":"2022-05-23T08:16:58","slug":"amministrative-bucalo-e-amata-a-villafranca-per-cavallaro-sindaco-e-salutare-lingresso-di-costagiorgiana","status":"publish","type":"post","link":"https:\/\/www.messinaoggi.it\/website\/2022\/05\/23\/amministrative-bucalo-e-amata-a-villafranca-per-cavallaro-sindaco-e-salutare-lingresso-di-costagiorgiana\/","title":{"rendered":"Amministrative, Bucalo e Amata a Villafranca per Cavallaro sindaco e salutare l\u2019ingresso di Costagiorgiana"},"content":{"rendered":"\n<p>I commissari provinciali di Fratelli d\u2019Italia, Ella Bucalo deputata nazionale ed Elvira Amata capogruppo all&#8217;Ars, ieri mattina si sono recate a Villafranca Tirrena per presenziare l&#8217;apertura della campagna elettorale per le prossime amministrative della lista \u2018Coerenza e Concretezza\u2019, a sostegno del candidato sindaco Giuseppe Cavallaro.<div id=\"div-gpt-ad-Messinaoggi.it-DSK-300x250-corpoart\" style=\"text-align:center;margin:0 auto;\"><\/div><\/p>\n\n\n\n<p>L\u2019incontro \u00e8 stata anche l\u2019occasione per salutare l\u2019ingresso nel partito di Pietro Costagiorgiano, politico di lunga esperienza, gi\u00e0 Assessore comunale e consigliere Provinciale. Costargiorgiano \u00e8 pensionato della Pirelli, 68 anni, sposato, padre e nonno, condivide il progetto del candidato sindaco, che al centro vede lo sviluppo turistico delle politiche del mare e della pesca e il sostegno delle attivit\u00e0 commerciali e artigianali.<div id=\"videoincontent\" style=\"clear:both\";><\/div><\/p>\n\n\n\n<p>Di lui, Bucalo e Amata dicono: \u201cAccogliamo il nuovo esponente con entusiasmo e consapevole certezza che sapr\u00e0 dare un contributo importante alla sua comunit\u00e0, esercitando il suo ruolo con impegno e seriet\u00e0, caratteristiche necessarie per chi sposa i valori e gli intenti di FdI\u201d.<\/p>\n","protected":false},"excerpt":{"rendered":"<p>I commissari provinciali di Fratelli d\u2019Italia, Ella Bucalo deputata nazionale ed Elvira Amata capogruppo all&#8217;Ars, ieri mattina si sono recate a Villafranca Tirrena per presenziare l&#8217;apertura della campagna elettorale per le prossime amministrative della lista \u2018Coerenza e Concretezza\u2019, a sostegno del candidato sindaco Giuseppe Cavallaro. L\u2019incontro \u00e8 stata anche l\u2019occasione per salutare l\u2019ingresso nel partito [&hellip;]<\/p>\n","protected":false},"author":8,"featured_media":108791,"comment_status":"open","ping_status":"open","sticky":false,"template":"","format":"standard","meta":{"ub_ctt_via":"","_mi_skip_tracking":false},"categories":[13,14],"tags":[4012,1308,655,4312],"featured_image_src":"https:\/\/www.messinaoggi.it\/website\/wp-content\/uploads\/2022\/05\/WhatsApp-Image-2022-05-23-at-08.03.25.jpeg","author_info":{"display_name":"red..me","author_link":"https:\/\/www.messinaoggi.it\/website\/author\/redstage\/"},"digistream_id":0,"digistream":false,"_links":{"self":[{"href":"https:\/\/www.messinaoggi.it\/website\/wp-json\/wp\/v2\/posts\/108790"}],"collection":[{"href":"https:\/\/www.messinaoggi.it\/website\/wp-json\/wp\/v2\/posts"}],"about":[{"href":"https:\/\/www.messinaoggi.it\/website\/wp-json\/wp\/v2\/types\/post"}],"author":[{"embeddable":true,"href":"https:\/\/www.messinaoggi.it\/website\/wp-json\/wp\/v2\/users\/8"}],"replies":[{"embeddable":true,"href":"https:\/\/www.messinaoggi.it\/website\/wp-json\/wp\/v2\/comments?post=108790"}],"version-history":[{"count":1,"href":"https:\/\/www.messinaoggi.it\/website\/wp-json\/wp\/v2\/posts\/108790\/revisions"}],"predecessor-version":[{"id":108792,"href":"https:\/\/www.messinaoggi.it\/website\/wp-json\/wp\/v2\/posts\/108790\/revisions\/108792"}],"wp:featuredmedia":[{"embeddable":true,"href":"https:\/\/www.messinaoggi.it\/website\/wp-json\/wp\/v2\/media\/108791"}],"wp:attachment":[{"href":"https:\/\/www.messinaoggi.it\/website\/wp-json\/wp\/v2\/media?parent=108790"}],"wp:term":[{"taxonomy":"category","embeddable":true,"href":"https:\/\/www.messinaoggi.it\/website\/wp-json\/wp\/v2\/categories?post=108790"},{"taxonomy":"post_tag","embeddable":true,"href":"https:\/\/www.messinaoggi.it\/website\/wp-json\/wp\/v2\/tags?post=108790"}],"curies":[{"name":"wp","href":"https:\/\/api.w.org\/{rel}","templated":true}]}}