{"id":108787,"date":"2022-05-23T10:11:06","date_gmt":"2022-05-23T08:11:06","guid":{"rendered":"http:\/\/www.messinaoggi.it\/website\/?p=108787"},"modified":"2022-05-23T10:11:07","modified_gmt":"2022-05-23T08:11:07","slug":"amministrative-croce-la-cultura-e-al-centro-del-nostro-programma","status":"publish","type":"post","link":"https:\/\/www.messinaoggi.it\/website\/2022\/05\/23\/amministrative-croce-la-cultura-e-al-centro-del-nostro-programma\/","title":{"rendered":"Amministrative, Croce: \u201cLa cultura \u00e8 al centro del nostro programma\u201d"},"content":{"rendered":"\n<p>\u201cL\u2019anima culturale della nostra citt\u00e0 \u00e8 stata anestetizzata dalle scelte dell\u2019amministrazione De Luca: abbiamo assistito a una decadenza senza precedenti e incessante. Ma sappiamo che la nostra \u00e8 una citt\u00e0 che ha fame di cultura e di eventi, prova ne \u00e8 la grande risposta alla \u201cNotte dei musei\u201d che ha visto Messina ai primi posti per presenze in tutta Italia\u201d. Lo dichiara il candidato del centro destra Maurizio Croce, annunciando che la cultura diventer\u00e0 centrale nella sua azione di governo.<div id=\"div-gpt-ad-Messinaoggi.it-DSK-300x250-corpoart\" style=\"text-align:center;margin:0 auto;\"><\/div><\/p>\n\n\n\n<p>\u201cCultura, per\u00f2, non pu\u00f2 essere una parola vuota: &#8211; prosegue -\u00e8 il frutto di una visione strategica all\u2019interno di un processo di programmazione preciso. Bisogna partire dal recupero di spazi abbandonati, come l\u2019Arena Cicci\u00f2 e il Giardino Corallo, e dall\u2019ammodernamento del Pala Rescifina, per tornare anche ad ospitare tutti quegli eventi che, oggi, finiscono in altre province e realt\u00e0. Abbiamo, poi, la fortuna di godere di tesori unici come la tomba di Antonello da Messina o i Forti Umbertini, attorno ai quali, come da programma, realizzeremo percorsi virtuosi, tali da far diventare Messina centro del turismo culturale del Mediterraneo.<div id=\"videoincontent\" style=\"clear:both\";><\/div><\/p>\n\n\n\n<p>Come amministrazione comunale, inoltre, \u00e8 nostra intenzione realizzare un portale per lo scouting dei giovani artisti messinesi, cos\u00ec da favorirne la crescita artistica e professionale. Non dimentichiamo, poi, le nostre eccellenze: l\u2019Accademia Filarmonica, l\u2019Associazione Musicale Vincenzo Bellini e l\u2019Accademia Filarmonica Laudamo in collaborazione con le quali, in prospettiva, ci piacerebbe realizzare un cartellone concertistico unico. Abbiamo, infine, la chance di far diventare Messina punto di riferimento per l\u2019Arte di Strada grazie al regolamento vigente dal 2018. Sullo sviluppo culturale \u2013 che va giocoforza connesso ad una certa tipologia di turismo \u2013 fondiamo parte del nostro programma di crescita della citt\u00e0 di Messina. E siamo pienamente consapevoli di quanto la citt\u00e0 pretenda &#8211; uso questo termine perentorio non a caso &#8211; un radicale cambio di rotta\u201d.<\/p>\n","protected":false},"excerpt":{"rendered":"<p>\u201cL\u2019anima culturale della nostra citt\u00e0 \u00e8 stata anestetizzata dalle scelte dell\u2019amministrazione De Luca: abbiamo assistito a una decadenza senza precedenti e incessante. Ma sappiamo che la nostra \u00e8 una citt\u00e0 che ha fame di cultura e di eventi, prova ne \u00e8 la grande risposta alla \u201cNotte dei musei\u201d che ha visto Messina ai primi posti [&hellip;]<\/p>\n","protected":false},"author":8,"featured_media":108788,"comment_status":"open","ping_status":"open","sticky":false,"template":"","format":"standard","meta":{"ub_ctt_via":"","_mi_skip_tracking":false},"categories":[4],"tags":[4012,4372,3617],"featured_image_src":"https:\/\/www.messinaoggi.it\/website\/wp-content\/uploads\/2022\/05\/maurizio-croce-3.jpg","author_info":{"display_name":"red..me","author_link":"https:\/\/www.messinaoggi.it\/website\/author\/redstage\/"},"digistream_id":0,"digistream":false,"_links":{"self":[{"href":"https:\/\/www.messinaoggi.it\/website\/wp-json\/wp\/v2\/posts\/108787"}],"collection":[{"href":"https:\/\/www.messinaoggi.it\/website\/wp-json\/wp\/v2\/posts"}],"about":[{"href":"https:\/\/www.messinaoggi.it\/website\/wp-json\/wp\/v2\/types\/post"}],"author":[{"embeddable":true,"href":"https:\/\/www.messinaoggi.it\/website\/wp-json\/wp\/v2\/users\/8"}],"replies":[{"embeddable":true,"href":"https:\/\/www.messinaoggi.it\/website\/wp-json\/wp\/v2\/comments?post=108787"}],"version-history":[{"count":1,"href":"https:\/\/www.messinaoggi.it\/website\/wp-json\/wp\/v2\/posts\/108787\/revisions"}],"predecessor-version":[{"id":108789,"href":"https:\/\/www.messinaoggi.it\/website\/wp-json\/wp\/v2\/posts\/108787\/revisions\/108789"}],"wp:featuredmedia":[{"embeddable":true,"href":"https:\/\/www.messinaoggi.it\/website\/wp-json\/wp\/v2\/media\/108788"}],"wp:attachment":[{"href":"https:\/\/www.messinaoggi.it\/website\/wp-json\/wp\/v2\/media?parent=108787"}],"wp:term":[{"taxonomy":"category","embeddable":true,"href":"https:\/\/www.messinaoggi.it\/website\/wp-json\/wp\/v2\/categories?post=108787"},{"taxonomy":"post_tag","embeddable":true,"href":"https:\/\/www.messinaoggi.it\/website\/wp-json\/wp\/v2\/tags?post=108787"}],"curies":[{"name":"wp","href":"https:\/\/api.w.org\/{rel}","templated":true}]}}