{"id":108783,"date":"2022-05-23T10:05:00","date_gmt":"2022-05-23T08:05:00","guid":{"rendered":"http:\/\/www.messinaoggi.it\/website\/?p=108783"},"modified":"2022-05-23T10:05:01","modified_gmt":"2022-05-23T08:05:01","slug":"amministrative-de-domenico-transizione-ecologica-e-nuova-mobilita-urbana-non-piu-rinviabili","status":"publish","type":"post","link":"https:\/\/www.messinaoggi.it\/website\/2022\/05\/23\/amministrative-de-domenico-transizione-ecologica-e-nuova-mobilita-urbana-non-piu-rinviabili\/","title":{"rendered":"Amministrative, De Domenico: \u201cTransizione ecologica e nuova mobilit\u00e0 urbana non pi\u00f9 rinviabili\u201d"},"content":{"rendered":"\n<p>\u201cNon c\u2019\u00e8 progresso senza un\u2019attenta politica ambientale. Se ipotizziamo un futuro per la citt\u00e0 non possiamo prescindere da temi quali rigenerazione urbana, nuova mobilit\u00e0 urbana, blu e green economy. La transizione ecologica \u00e8 una sfida indifferibile per un\u2019amministrazione che vuole governare in modo responsabile la citt\u00e0 e migliorare la qualit\u00e0 della vita dei suoi abitanti\u201d. Ad affermarlo \u00e8 Franco De Domenico, che accoglie le proposte inserite in un documento redatto da Europa Verde \u2013 Verdi.<div id=\"div-gpt-ad-Messinaoggi.it-DSK-300x250-corpoart\" style=\"text-align:center;margin:0 auto;\"><\/div><\/p>\n\n\n\n<p>\u201cNove punti essenziali \u2013 spiega Andrea Carbone, componente della direzione regionale del partito &#8211; per salvaguardare e proteggere la nostra madre terra e le peculiarit\u00e0 straordinarie del nostro territorio. Abbiamo bisogno di progetti ambientali ecosostenibili e che riportino l\u2019attuale societ\u00e0 alla riscoperta di quei valori etici che pian piano sono stati smarriti. Siamo convinti che il tema della transizione ecologica sia una grande sfida, non solo nei progetti, ma anche nelle realizzazioni: non possiamo pi\u00f9 permetterci che si impieghino troppi anni per il cambiamento. Sviluppo, ambiente, benessere e maggiore uguaglianza sociale, devono entrare realmente e concretamente nell\u2019azione amministrativa della prossima giunta comunale\u201d.<div id=\"videoincontent\" style=\"clear:both\";><\/div><\/p>\n\n\n\n<p><strong>Le proposte in sintesi.<\/strong> Di seguito il documento contenente una sintesi delle proposte.<\/p>\n\n\n\n<p>Ampliare e incentivare, dove possibile, l\u2019autoproduzione di energia da fonti rinnovabili con la realizzazione di piccoli\/medi impianti nelle strutture pubbliche e lo snellimento e la velocizzazione delle pratiche burocratiche alle quali sono chiamati i privati;<\/p>\n\n\n\n<p>Attuare politiche che puntino sullo sviluppo della green economy e della blue economy, indiscusse risorse del nostro territorio;<\/p>\n\n\n\n<p>Fermare il consumo di suolo e sostenere la necessit\u00e0 di una moderna pianificazione orientata in senso ecologico e favorire piani di rigenerazione di superfici impermeabilizzate che al momento mettono a rischio la sicurezza dei territori;<\/p>\n\n\n\n<p>Porre in sicurezza le nostre colline dal rischio di dissesto idrogeologico, oggi necessit\u00e0 prioritaria anche in considerazione dei mutamenti climatici;<\/p>\n\n\n\n<p>Costituzione di deleghe assessoriali per la tutela, il restauro e la manutenzione del paesaggio comunale;<\/p>\n\n\n\n<p>Attuare politiche a favore della agroecologia mediante la quale \u00e8 possibile fornire in maniera sostenibile il cibo, rispettando le risorse naturali (acqua, aria, suolo).<\/p>\n\n\n\n<p>Attivare reali azioni di protezione delle coste dall\u2019erosione, dal cemento, dall\u2019impoverimento di naturalit\u00e0.<\/p>\n\n\n\n<p>Tendere a impiegare quote significative delle disponibilit\u00e0 economiche in interventi concreti a favore del territorio comunale: de-cementificazione, impianti di verde, rinaturalizzazioni, riqualificazione delle aree marginali, contrasto allo spopolamento dei villaggi ricadenti nel territorio comunale favorendone la connessione ai servizi ed alle risorse del territorio.<\/p>\n\n\n\n<p>E, infine, un nuovo approccio alla mobilit\u00e0 urbana e realizzazione di nuove \u2018vere\u2019 isole pedonali.<\/p>\n","protected":false},"excerpt":{"rendered":"<p>\u201cNon c\u2019\u00e8 progresso senza un\u2019attenta politica ambientale. Se ipotizziamo un futuro per la citt\u00e0 non possiamo prescindere da temi quali rigenerazione urbana, nuova mobilit\u00e0 urbana, blu e green economy. La transizione ecologica \u00e8 una sfida indifferibile per un\u2019amministrazione che vuole governare in modo responsabile la citt\u00e0 e migliorare la qualit\u00e0 della vita dei suoi abitanti\u201d. [&hellip;]<\/p>\n","protected":false},"author":8,"featured_media":33832,"comment_status":"open","ping_status":"open","sticky":false,"template":"","format":"standard","meta":{"ub_ctt_via":"","_mi_skip_tracking":false},"categories":[4],"tags":[4012,2059,4558],"featured_image_src":"https:\/\/www.messinaoggi.it\/website\/wp-content\/uploads\/2019\/06\/foto-franco.jpg","author_info":{"display_name":"red..me","author_link":"https:\/\/www.messinaoggi.it\/website\/author\/redstage\/"},"digistream_id":0,"digistream":false,"_links":{"self":[{"href":"https:\/\/www.messinaoggi.it\/website\/wp-json\/wp\/v2\/posts\/108783"}],"collection":[{"href":"https:\/\/www.messinaoggi.it\/website\/wp-json\/wp\/v2\/posts"}],"about":[{"href":"https:\/\/www.messinaoggi.it\/website\/wp-json\/wp\/v2\/types\/post"}],"author":[{"embeddable":true,"href":"https:\/\/www.messinaoggi.it\/website\/wp-json\/wp\/v2\/users\/8"}],"replies":[{"embeddable":true,"href":"https:\/\/www.messinaoggi.it\/website\/wp-json\/wp\/v2\/comments?post=108783"}],"version-history":[{"count":1,"href":"https:\/\/www.messinaoggi.it\/website\/wp-json\/wp\/v2\/posts\/108783\/revisions"}],"predecessor-version":[{"id":108784,"href":"https:\/\/www.messinaoggi.it\/website\/wp-json\/wp\/v2\/posts\/108783\/revisions\/108784"}],"wp:featuredmedia":[{"embeddable":true,"href":"https:\/\/www.messinaoggi.it\/website\/wp-json\/wp\/v2\/media\/33832"}],"wp:attachment":[{"href":"https:\/\/www.messinaoggi.it\/website\/wp-json\/wp\/v2\/media?parent=108783"}],"wp:term":[{"taxonomy":"category","embeddable":true,"href":"https:\/\/www.messinaoggi.it\/website\/wp-json\/wp\/v2\/categories?post=108783"},{"taxonomy":"post_tag","embeddable":true,"href":"https:\/\/www.messinaoggi.it\/website\/wp-json\/wp\/v2\/tags?post=108783"}],"curies":[{"name":"wp","href":"https:\/\/api.w.org\/{rel}","templated":true}]}}