{"id":108738,"date":"2022-05-22T11:47:32","date_gmt":"2022-05-22T09:47:32","guid":{"rendered":"https:\/\/www.messinaoggi.it\/website\/2022\/05\/22\/comunali-palermo-lagalla-io-ostaggio-dei-partiti-accusato-di-tutto\/"},"modified":"2022-05-22T11:47:32","modified_gmt":"2022-05-22T09:47:32","slug":"comunali-palermo-lagalla-io-ostaggio-dei-partiti-accusato-di-tutto","status":"publish","type":"post","link":"https:\/\/www.messinaoggi.it\/website\/2022\/05\/22\/comunali-palermo-lagalla-io-ostaggio-dei-partiti-accusato-di-tutto\/","title":{"rendered":"Comunali Palermo, Lagalla \u201cIo ostaggio dei partiti? Accusato di tutto\u201d"},"content":{"rendered":"<div>\n<p>PALERMO (ITALPRESS) \u2013 \u201cC\u2019\u00e8 chi dice ancora che io sia ostaggio dei partiti. Con tutto quello che mi sento dire mi aspetto che prima o poi mi vengano attribuite le stragi di piazza Fontana e del treno Italicus\u201d. Ironizza cos\u00ec Roberto Lagalla, che ha inaugurato davanti all\u2019istituto comprensivo Falcone allo Zen di Palermo il suo tour elettorale come candidato sindaco alla presenza della stampa e di alcuni residenti. \u201cHo la coscienza pulita, ogni strumentalizzazione politica \u00e8 ben lontana dalla considerazione della gente nei miei confronti: ho grande fiducia nel consenso sia di chi mi conosceva gi\u00e0, sia di chi ha avuto modo di farlo in campagna elettorale. Ho scelto di cominciare questo tour elettorale in una delle zone pi\u00f9 difficili della citt\u00e0 come il quartiere Zen \u2013 ha continuato \u2013 e di fronte alla scuola intitolata a Giovanni Falcone, per dimostrare ai residenti che l\u2019amministrazione \u00e8 presente e che, se eletti, non li lasceremo abbandonati a se stessi. Questa \u00e8 una periferia della periferia, un territorio collegato poco e male al resto della citt\u00e0 -, aggiunge Lagalla, \u2013 Non serve fare una priorit\u00e0 delle emergenze perch\u00e8 la principale emergenza riguarda proprio le persone. Il Comune pu\u00f2 fare il suo incrementando il controllo sul territorio, ma anche le istituzioni devono fare la loro parte\u201d. Per Lagalla il futuro della citt\u00e0 passa anche dall\u2019istruzione: \u201cGi\u00e0 da assessore regionale all\u2019Istruzione ho creato con le scuole del quartiere Zen un rapporto speciale, che ha consentito di mettere in sicurezza i locali e assicurare ai ragazzi il tempo pieno e il recupero degli apprendimenti perduti: continueremo a insistere sull\u2019istruzione come forma di emancipazione sociale e personale\u201d. Lo sottolinea i candidato sindaco di Palermo Roberto Lagalla, che ha inaugurato il proprio tour elettorale davanti all\u2019istituto comprensivo Falcone. \u201cDaremo il nostro sostegno a ogni forma di associazionismo e volontariato, ripristinando luoghi di aggregazione che possano sottrarre i giovani alla tentazione della malavita organizzata. Non \u00e8 una sfida semplice: l\u2019emergenza educativa ha tempi lunghi di realizzazione e attuazione, ma ce la metteremo tutta\u201d.<br \/>(ITALPRESS).<div id=\"div-gpt-ad-Messinaoggi.it-DSK-300x250-corpoart\" style=\"text-align:center;margin:0 auto;\"><\/div><\/p>\n<p>\u2013 foto xd8 \u2013<div id=\"videoincontent\" style=\"clear:both\";><\/div><\/p>\n<\/div>\n","protected":false},"excerpt":{"rendered":"<p>PALERMO (ITALPRESS) \u2013 \u201cC\u2019\u00e8 chi dice ancora che io sia ostaggio dei partiti. Con tutto quello che mi sento dire mi aspetto che prima o poi mi vengano attribuite le stragi di piazza Fontana e del treno Italicus\u201d. Ironizza cos\u00ec Roberto Lagalla, che ha inaugurato davanti all\u2019istituto comprensivo Falcone allo Zen di Palermo il suo [&hellip;]<\/p>\n","protected":false},"author":18,"featured_media":108739,"comment_status":"closed","ping_status":"closed","sticky":false,"template":"","format":"standard","meta":{"ub_ctt_via":"","_mi_skip_tracking":false},"categories":[2449],"tags":[783],"featured_image_src":"https:\/\/www.messinaoggi.it\/website\/wp-content\/uploads\/2022\/05\/20220522_0212.jpg","author_info":{"display_name":"Admin","author_link":"https:\/\/www.messinaoggi.it\/website\/author\/admin\/"},"digistream_id":0,"digistream":false,"_links":{"self":[{"href":"https:\/\/www.messinaoggi.it\/website\/wp-json\/wp\/v2\/posts\/108738"}],"collection":[{"href":"https:\/\/www.messinaoggi.it\/website\/wp-json\/wp\/v2\/posts"}],"about":[{"href":"https:\/\/www.messinaoggi.it\/website\/wp-json\/wp\/v2\/types\/post"}],"author":[{"embeddable":true,"href":"https:\/\/www.messinaoggi.it\/website\/wp-json\/wp\/v2\/users\/18"}],"replies":[{"embeddable":true,"href":"https:\/\/www.messinaoggi.it\/website\/wp-json\/wp\/v2\/comments?post=108738"}],"version-history":[{"count":0,"href":"https:\/\/www.messinaoggi.it\/website\/wp-json\/wp\/v2\/posts\/108738\/revisions"}],"wp:featuredmedia":[{"embeddable":true,"href":"https:\/\/www.messinaoggi.it\/website\/wp-json\/wp\/v2\/media\/108739"}],"wp:attachment":[{"href":"https:\/\/www.messinaoggi.it\/website\/wp-json\/wp\/v2\/media?parent=108738"}],"wp:term":[{"taxonomy":"category","embeddable":true,"href":"https:\/\/www.messinaoggi.it\/website\/wp-json\/wp\/v2\/categories?post=108738"},{"taxonomy":"post_tag","embeddable":true,"href":"https:\/\/www.messinaoggi.it\/website\/wp-json\/wp\/v2\/tags?post=108738"}],"curies":[{"name":"wp","href":"https:\/\/api.w.org\/{rel}","templated":true}]}}