{"id":108720,"date":"2022-05-22T09:32:35","date_gmt":"2022-05-22T07:32:35","guid":{"rendered":"https:\/\/www.messinaoggi.it\/website\/2022\/05\/22\/strage-capaci-grasso-il-metodo-falcone-e-valido-basta-seguirlo\/"},"modified":"2022-05-22T09:32:35","modified_gmt":"2022-05-22T07:32:35","slug":"strage-capaci-grasso-il-metodo-falcone-e-valido-basta-seguirlo","status":"publish","type":"post","link":"https:\/\/www.messinaoggi.it\/website\/2022\/05\/22\/strage-capaci-grasso-il-metodo-falcone-e-valido-basta-seguirlo\/","title":{"rendered":"Strage Capaci, Grasso \u201cIl metodo Falcone \u00e8 valido. Basta seguirlo\u201d"},"content":{"rendered":"<div>\n<p>ROMA (ITALPRESS) \u2013 \u201cCertamente Falcone \u00e8 stata una delle persone che hanno pi\u00f9 profondamente inciso sulla mia vita. Quando lo conobbi erano i primi anni che lavoravo a Palermo dopo il mio trasferimento dalla pretura di Barrafranca e lui, che veniva invece dall\u2019esperienza presso il Tribunale di Trapani, aveva gi\u00e0 fama di magistrato attento e scrupoloso\u201d. Lo ha detto, in un\u2019intervista al Giornale di Sicilia, il senatore Piero Grasso gi\u00e0 giudice a latere del maxi processo di Palermo, procuratore di Palermo, procuratore nazionale antimafia, presidente del Senato. <br \/>\u201cUn giorno \u2013 ha ricordato Grasso \u2013 trovai un fascicolo sulla mia scrivania con un suo appunto: riguardava il ritrovamento di un motorino bruciato. Un qualsiasi altro magistrato al posto suo avrebbe archiviato il caso, dati tutti i problemi da affrontare. Falcone no, non tralasciava nulla. Cos\u00ec, con mio stupore, portammo avanti quell\u2019indagine con la massima attenzione, chiedendo una perizia al professore Giaccone, allora ordinario di medicina legale all\u2019universit\u00e0 di Palermo \u2013 purtroppo anche lui ucciso dalla mafia \u2013 che aveva sperimentato un sistema per risalire al numero di matricola sulle armi anche quando questa fosse stata abrasa. Cos\u00ec fece anche per il motorino. Per farla breve: Falcone risal\u00ec al proprietario, un ragazzo dal quale apprese che aveva avuto un diverbio con altri giovani, che prontamente Falcone rintracci\u00f2 e fece confessare.<br \/>Restai a bocca aperta: avevo capito di avere davanti un fuoriclasse. \u201cUn giudice cos\u00ec tenace non l\u2019avevo mai visto. L\u2019episodio pu\u00f2 sembrare insignificante ma la dice lunga sullo scrupolo che dedicava al suo lavoro. Per me \u00e8 stato un insegnamento\u201d. Da allora avete cominciato a lavorare insieme? \u201cNo, non subito. La nostra divent\u00f2 u n\u2019amicizia quando venni designato giudice a latere del maxiprocesso. Credo, anche se non ne posso avere la certezza, che ci sia proprio il suo zampino dietro la mia nomina\u2026.\u201d. Come lo sintetizzerebbe oggi il famoso metodo Falcone? \u201cE\u2019 un metodo che sar\u00e0 sempre valido, perch\u00e8 mette insieme la visione strategica, la capacit\u00e0 di analisi, la solidit\u00e0 delle prove, l\u2019accuratezza nel seguire le tracce del denaro, la tenacia nel lavoro, la comprensione del contesto, la lettura delle cause e delle conseguenze dei singoli reati per cercare il disegno complessivo. Tutti gli investigatori e i magistrati dovrebbero avere questi principi come regola quotidiana\u2026\u201d. Poi, su Fiammetta Borsellino ha commentao: \u201cHo incontrato Fiammetta a Terrasini un paio di settimane fa. Voglio ribadire che il suo isolamento, che \u00e8 percepibile, mi indigna e mi preoccupa\u2026\u201d.<br \/>(ITALPRESS).<div id=\"div-gpt-ad-Messinaoggi.it-DSK-300x250-corpoart\" style=\"text-align:center;margin:0 auto;\"><\/div><\/p>\n<p> \u2013 photo credit agenziafotogramma.it \u2013<div id=\"videoincontent\" style=\"clear:both\";><\/div><\/p>\n<\/div>\n","protected":false},"excerpt":{"rendered":"<p>ROMA (ITALPRESS) \u2013 \u201cCertamente Falcone \u00e8 stata una delle persone che hanno pi\u00f9 profondamente inciso sulla mia vita. Quando lo conobbi erano i primi anni che lavoravo a Palermo dopo il mio trasferimento dalla pretura di Barrafranca e lui, che veniva invece dall\u2019esperienza presso il Tribunale di Trapani, aveva gi\u00e0 fama di magistrato attento e [&hellip;]<\/p>\n","protected":false},"author":18,"featured_media":108721,"comment_status":"closed","ping_status":"closed","sticky":false,"template":"","format":"standard","meta":{"ub_ctt_via":"","_mi_skip_tracking":false},"categories":[2449],"tags":[783],"featured_image_src":"https:\/\/www.messinaoggi.it\/website\/wp-content\/uploads\/2022\/05\/20220522_0100.jpg","author_info":{"display_name":"Admin","author_link":"https:\/\/www.messinaoggi.it\/website\/author\/admin\/"},"digistream_id":0,"digistream":false,"_links":{"self":[{"href":"https:\/\/www.messinaoggi.it\/website\/wp-json\/wp\/v2\/posts\/108720"}],"collection":[{"href":"https:\/\/www.messinaoggi.it\/website\/wp-json\/wp\/v2\/posts"}],"about":[{"href":"https:\/\/www.messinaoggi.it\/website\/wp-json\/wp\/v2\/types\/post"}],"author":[{"embeddable":true,"href":"https:\/\/www.messinaoggi.it\/website\/wp-json\/wp\/v2\/users\/18"}],"replies":[{"embeddable":true,"href":"https:\/\/www.messinaoggi.it\/website\/wp-json\/wp\/v2\/comments?post=108720"}],"version-history":[{"count":0,"href":"https:\/\/www.messinaoggi.it\/website\/wp-json\/wp\/v2\/posts\/108720\/revisions"}],"wp:featuredmedia":[{"embeddable":true,"href":"https:\/\/www.messinaoggi.it\/website\/wp-json\/wp\/v2\/media\/108721"}],"wp:attachment":[{"href":"https:\/\/www.messinaoggi.it\/website\/wp-json\/wp\/v2\/media?parent=108720"}],"wp:term":[{"taxonomy":"category","embeddable":true,"href":"https:\/\/www.messinaoggi.it\/website\/wp-json\/wp\/v2\/categories?post=108720"},{"taxonomy":"post_tag","embeddable":true,"href":"https:\/\/www.messinaoggi.it\/website\/wp-json\/wp\/v2\/tags?post=108720"}],"curies":[{"name":"wp","href":"https:\/\/api.w.org\/{rel}","templated":true}]}}