{"id":108716,"date":"2022-05-22T09:07:33","date_gmt":"2022-05-22T07:07:33","guid":{"rendered":"https:\/\/www.messinaoggi.it\/website\/2022\/05\/22\/ucraina-suslov-si-rischia-la-guerra-infinita\/"},"modified":"2022-05-22T09:07:33","modified_gmt":"2022-05-22T07:07:33","slug":"ucraina-suslov-si-rischia-la-guerra-infinita","status":"publish","type":"post","link":"https:\/\/www.messinaoggi.it\/website\/2022\/05\/22\/ucraina-suslov-si-rischia-la-guerra-infinita\/","title":{"rendered":"Ucraina, Suslov \u201cSi rischia la guerra infinita\u201d"},"content":{"rendered":"<div>ROMA (ITALPRESS) &#8211; &#8220;L&#8217;Occidente vuole una sconfitta russa. E non \u00e8 disposto a sottoscrivere un accordo per noi accettabile. Guardi l&#8217;ultimo comunicato del G7, dove si dice chiaramente che rifiuter\u00e0 qualsiasi modifica dei confini. Ma \u00e8 ovvio che la Russia chieder\u00e0 come minimo il riconoscimento della Crimea in quanto parte della Federazione russa e del Donbass in quanto non parte dell&#8217;Ucraina. Molto probabilmente sollever\u00e0 anche il problema di Kherson e altre zone controllate dalle truppe russe. Se la posizione occidentale \u00e8 questa non ci pu\u00f2 essere accordo. Ci\u00f2 significa che la guerra continuer\u00e0 e che la Russia probabilmente lancer\u00e0 un attacco contro Odessa per tagliare l&#8217;Ucraina dal Mar Nero&#8221;. Lo ha detto, in un&#8217;intervista al Corriere della Sera, Dmitrij Suslov, direttore del Centro studi europei e internazionali alla Scuola superiore di Economia di Mosca, uno dei pensatoi del Cremlino. &#8220;La Russia \u00e8 ancora concentrata soprattutto sul Donbass. Il ritmo dell&#8217;avanzata non \u00e8 cos\u00ec rapido come il Cremlino vorrebbe. Ci sono complicazioni che hanno molteplici motivi. In primo luogo, la leadership politica russa esita ad aumentare il livello delle truppe impegnate nella guerra, che pure molti esperti consigliano. Il governo \u00e8 impegnato a continuare la lotta con un numero limitato di forze. Per quanto ne so, la ragione dietro questa scelta \u00e8 che si vuole preservare una percezione di vita normale in Russia. Vogliono che il popolo pensi che c&#8217;\u00e8 una operazione speciale in corso da qualche parte, che per\u00f2 non ha alcun impatto sul quotidiano&#8221;. Per il politologo vicino al Cremlino: &#8220;In verit\u00e0 dal punto di vista economico, culturale e del tempo libero la vita in Russia continua come prima. Non c&#8217;\u00e8 il senso di una mobilitazione e se non guardi la tv non hai l&#8217;impressione che combattiamo una guerra in Ucraina. Questo \u00e8 considerato molto importante per preservare la stabilit\u00e0 politica e quindi non ci sar\u00e0 alcun incremento dello sforzo bellico&#8230;&#8221;.<br \/>\n(ITALPRESS).<div id=\"div-gpt-ad-Messinaoggi.it-DSK-300x250-corpoart\" style=\"text-align:center;margin:0 auto;\"><\/div><\/p>\n<p>&#8211; photo credit agenziafotogramma.it &#8211;<div id=\"videoincontent\" style=\"clear:both\";><\/div><\/p><\/div>\n","protected":false},"excerpt":{"rendered":"<p>ROMA (ITALPRESS) &#8211; &#8220;L&#8217;Occidente vuole una sconfitta russa. E non \u00e8 disposto a sottoscrivere un accordo per noi accettabile. Guardi l&#8217;ultimo comunicato del G7, dove si dice chiaramente che rifiuter\u00e0 qualsiasi modifica dei confini. Ma \u00e8 ovvio che la Russia chieder\u00e0 come minimo il riconoscimento della Crimea in quanto parte della Federazione russa e del [&hellip;]<\/p>\n","protected":false},"author":18,"featured_media":108717,"comment_status":"closed","ping_status":"closed","sticky":false,"template":"","format":"standard","meta":{"ub_ctt_via":"","_mi_skip_tracking":false},"categories":[446],"tags":[783],"featured_image_src":"https:\/\/www.messinaoggi.it\/website\/wp-content\/uploads\/2022\/05\/20220522_0081.jpg","author_info":{"display_name":"Admin","author_link":"https:\/\/www.messinaoggi.it\/website\/author\/admin\/"},"digistream_id":0,"digistream":false,"_links":{"self":[{"href":"https:\/\/www.messinaoggi.it\/website\/wp-json\/wp\/v2\/posts\/108716"}],"collection":[{"href":"https:\/\/www.messinaoggi.it\/website\/wp-json\/wp\/v2\/posts"}],"about":[{"href":"https:\/\/www.messinaoggi.it\/website\/wp-json\/wp\/v2\/types\/post"}],"author":[{"embeddable":true,"href":"https:\/\/www.messinaoggi.it\/website\/wp-json\/wp\/v2\/users\/18"}],"replies":[{"embeddable":true,"href":"https:\/\/www.messinaoggi.it\/website\/wp-json\/wp\/v2\/comments?post=108716"}],"version-history":[{"count":0,"href":"https:\/\/www.messinaoggi.it\/website\/wp-json\/wp\/v2\/posts\/108716\/revisions"}],"wp:featuredmedia":[{"embeddable":true,"href":"https:\/\/www.messinaoggi.it\/website\/wp-json\/wp\/v2\/media\/108717"}],"wp:attachment":[{"href":"https:\/\/www.messinaoggi.it\/website\/wp-json\/wp\/v2\/media?parent=108716"}],"wp:term":[{"taxonomy":"category","embeddable":true,"href":"https:\/\/www.messinaoggi.it\/website\/wp-json\/wp\/v2\/categories?post=108716"},{"taxonomy":"post_tag","embeddable":true,"href":"https:\/\/www.messinaoggi.it\/website\/wp-json\/wp\/v2\/tags?post=108716"}],"curies":[{"name":"wp","href":"https:\/\/api.w.org\/{rel}","templated":true}]}}