{"id":108483,"date":"2022-05-20T09:03:44","date_gmt":"2022-05-20T07:03:44","guid":{"rendered":"http:\/\/www.messinaoggi.it\/website\/?p=108483"},"modified":"2022-05-20T09:03:49","modified_gmt":"2022-05-20T07:03:49","slug":"de-domenico-svela-altri-due-assessori","status":"publish","type":"post","link":"https:\/\/www.messinaoggi.it\/website\/2022\/05\/20\/de-domenico-svela-altri-due-assessori\/","title":{"rendered":"De Domenico svela altri due assessori"},"content":{"rendered":"\n<p>Il centro sinistra, guidato dal candidato sindaco Franco De Domenico, presenta due nuovi assessori che andranno a comporre la squadra di governo. Saranno Nanni Randazzo e Alessandra Minniti.<div id=\"div-gpt-ad-Messinaoggi.it-DSK-300x250-corpoart\" style=\"text-align:center;margin:0 auto;\"><\/div><\/p>\n\n\n\n<p>\u201cDa diversi anni mi interesso per ragioni scientifiche delle questioni marino-costiere. \u2013 dichiara Randazzo \u2013 Penso di essermi allenato a sufficienza per affrontare questa sfida complessa, soprattutto per i diversi ambiti di contrasto che a Messina sono evidenti\u201d.<div id=\"videoincontent\" style=\"clear:both\";><\/div><\/p>\n\n\n\n<figure class=\"wp-block-image size-large\"><img loading=\"lazy\" width=\"604\" height=\"950\" src=\"http:\/\/www.messinaoggi.it\/website\/wp-content\/uploads\/2022\/05\/Giovanni-Randazzo.jpeg\" alt=\"\" class=\"wp-image-108485\" srcset=\"https:\/\/www.messinaoggi.it\/website\/wp-content\/uploads\/2022\/05\/Giovanni-Randazzo.jpeg 604w, https:\/\/www.messinaoggi.it\/website\/wp-content\/uploads\/2022\/05\/Giovanni-Randazzo-191x300.jpeg 191w\" sizes=\"(max-width: 604px) 100vw, 604px\" \/><\/figure>\n\n\n\n<p>\u201cGli ultimi anni di politica gridata e involgarita mi hanno onestamente spaventato. L\u2019ex amministrazione \u00e8 stata il trampolino di uno straniero urlante, l\u2019esatto opposto del mio concetto di dinamica politica\u201d, commenta l\u2019assessore designato. \u201cPenso \u2013 aggiunge \u2013 che il metodo, la pianificazione e la reale volont\u00e0 di investire sul nostro territorio siano dei cardini imprescindibili per il recupero socio economico della citt\u00e0\u201d.<\/p>\n\n\n\n<p>\u201cMessina ha bisogno di un profondo rinnovamento \u2013 esordisce Minniti, una delle donne tra gli assessori scelti da Franco De Domenico: \u201cho accettato questo incarico forte delle mie motivazioni, che nascono dall\u2019amore per una realt\u00e0 cos\u00ec bella e, allo stesso tempo, vilipesa. Reputo di poter dare la mia capacit\u00e0 di riflessione sulle criticit\u00e0 e sui bisogni, l\u2019esperienza e la conoscenza dei problemi, la capacit\u00e0 di connettere cittadini e istituzioni\u201d.<\/p>\n\n\n\n<figure class=\"wp-block-image size-large\"><img loading=\"lazy\" width=\"768\" height=\"1024\" src=\"http:\/\/www.messinaoggi.it\/website\/wp-content\/uploads\/2022\/05\/Alessandra-Minniti-768x1024.jpeg\" alt=\"\" class=\"wp-image-108484\" srcset=\"https:\/\/www.messinaoggi.it\/website\/wp-content\/uploads\/2022\/05\/Alessandra-Minniti-768x1024.jpeg 768w, https:\/\/www.messinaoggi.it\/website\/wp-content\/uploads\/2022\/05\/Alessandra-Minniti-225x300.jpeg 225w, https:\/\/www.messinaoggi.it\/website\/wp-content\/uploads\/2022\/05\/Alessandra-Minniti-1152x1536.jpeg 1152w, https:\/\/www.messinaoggi.it\/website\/wp-content\/uploads\/2022\/05\/Alessandra-Minniti.jpeg 1200w\" sizes=\"(max-width: 768px) 100vw, 768px\" \/><\/figure>\n","protected":false},"excerpt":{"rendered":"<p>Il centro sinistra, guidato dal candidato sindaco Franco De Domenico, presenta due nuovi assessori che andranno a comporre la squadra di governo. Saranno Nanni Randazzo e Alessandra Minniti. \u201cDa diversi anni mi interesso per ragioni scientifiche delle questioni marino-costiere. \u2013 dichiara Randazzo \u2013 Penso di essermi allenato a sufficienza per affrontare questa sfida complessa, soprattutto [&hellip;]<\/p>\n","protected":false},"author":8,"featured_media":108254,"comment_status":"open","ping_status":"open","sticky":false,"template":"","format":"standard","meta":{"ub_ctt_via":"","_mi_skip_tracking":false},"categories":[4],"tags":[4012,2059],"featured_image_src":"https:\/\/www.messinaoggi.it\/website\/wp-content\/uploads\/2022\/05\/franco-de-domenico.jpg","author_info":{"display_name":"red..me","author_link":"https:\/\/www.messinaoggi.it\/website\/author\/redstage\/"},"digistream_id":0,"digistream":false,"_links":{"self":[{"href":"https:\/\/www.messinaoggi.it\/website\/wp-json\/wp\/v2\/posts\/108483"}],"collection":[{"href":"https:\/\/www.messinaoggi.it\/website\/wp-json\/wp\/v2\/posts"}],"about":[{"href":"https:\/\/www.messinaoggi.it\/website\/wp-json\/wp\/v2\/types\/post"}],"author":[{"embeddable":true,"href":"https:\/\/www.messinaoggi.it\/website\/wp-json\/wp\/v2\/users\/8"}],"replies":[{"embeddable":true,"href":"https:\/\/www.messinaoggi.it\/website\/wp-json\/wp\/v2\/comments?post=108483"}],"version-history":[{"count":1,"href":"https:\/\/www.messinaoggi.it\/website\/wp-json\/wp\/v2\/posts\/108483\/revisions"}],"predecessor-version":[{"id":108486,"href":"https:\/\/www.messinaoggi.it\/website\/wp-json\/wp\/v2\/posts\/108483\/revisions\/108486"}],"wp:featuredmedia":[{"embeddable":true,"href":"https:\/\/www.messinaoggi.it\/website\/wp-json\/wp\/v2\/media\/108254"}],"wp:attachment":[{"href":"https:\/\/www.messinaoggi.it\/website\/wp-json\/wp\/v2\/media?parent=108483"}],"wp:term":[{"taxonomy":"category","embeddable":true,"href":"https:\/\/www.messinaoggi.it\/website\/wp-json\/wp\/v2\/categories?post=108483"},{"taxonomy":"post_tag","embeddable":true,"href":"https:\/\/www.messinaoggi.it\/website\/wp-json\/wp\/v2\/tags?post=108483"}],"curies":[{"name":"wp","href":"https:\/\/api.w.org\/{rel}","templated":true}]}}