{"id":10847,"date":"2017-11-03T10:48:38","date_gmt":"2017-11-03T09:48:38","guid":{"rendered":"http:\/\/www.messinaoggi.it\/website\/?p=10847"},"modified":"2017-11-03T10:48:38","modified_gmt":"2017-11-03T09:48:38","slug":"latm-dovra-indennizzare-9-lavoratori-gioveni-le-costera-130mila-euro","status":"publish","type":"post","link":"https:\/\/www.messinaoggi.it\/website\/2017\/11\/03\/latm-dovra-indennizzare-9-lavoratori-gioveni-le-costera-130mila-euro\/","title":{"rendered":"Atm dovr\u00e0 indennizzare 9 lavoratori. Gioveni: &#039;Le coster\u00e0 130mila euro&#039;"},"content":{"rendered":"<p align=\"JUSTIFY\">\u201c<span style=\"font-family: Arial, sans-serif;\"><span style=\"font-size: medium;\">Un madornale errore di valutazione che coster\u00e0 caro e salato alle casse dell\u2019ATM\u201d. Cos\u00ec esordisce il consigliere comunale Libero Gioveni in una nota, riferendosi al buco di bilancio venutosi a creare nell&#8217;azienda dei trasporti pubblici a seguito della sentenza emessa dal Tribunale ordinario di Messina lo scorso 24 ottobre, con la quale \u00e8 stata condannata l&#8217;ATM a riconoscere le mansioni svolte al SAE (Sistema di Ausilio all\u2019Esercizio) a 9 lavoratori.<\/span><\/span><div id=\"div-gpt-ad-Messinaoggi.it-DSK-300x250-corpoart\" style=\"text-align:center;margin:0 auto;\"><\/div><\/p>\n<p align=\"JUSTIFY\">\u201c<span style=\"font-family: Arial, sans-serif;\"><span style=\"font-size: medium;\">Non posso non ricordare quella famosa interrogazione indirizzata all\u2019assessore alla mobilit\u00e0 urbana Cacciola e all\u2019ex Direttore Generale di ATM Foti \u2013 spiega Gioveni \u2013 con la quale li invitai a regolarizzare le posizioni di questi lavoratori che per 3 anni consecutivi, a seguito di una selezione pubblica da loro vinta per operatori SAE indetta nel 2010 con tanto di corsi di formazione svolti, furono impiegati in questa particolare e delicata attivit\u00e0 professionale che si occupa di supervisionare la linea tranviaria, gestire gli impianti di rilevamento delle vetture, i sistemi di sicurezza per il radiocomando degli scambi ecc.<\/span><\/span><div id=\"videoincontent\" style=\"clear:both\";><\/div><\/p>\n<p align=\"JUSTIFY\"><span style=\"font-family: Arial, sans-serif;\"><span style=\"font-size: medium;\">All\u2019epoca il Direttore Foti \u2013<em> prosegue il consigliere <\/em>\u2013 giustific\u00f2 il diniego a procedere al riconoscimento delle nuove figure professionali perch\u00e9 and\u00f2 sostenendo che la selezione fosse propedeutica alla DCO mentre gli operatori SAE, a suo dire, non avrebbero mai fatto la DCO, fatto per\u00f2 <b>smentito dal Giudice del Lavoro<\/b> che nella sentenza ha dimostrato che con degli ordini di servizio del 2008 e 2009 l\u2019azienda aveva imposto ai conducenti del tram di svolgere a turno mansioni superiori di DCO.<\/span><\/span><\/p>\n<p align=\"JUSTIFY\"><span style=\"font-family: Arial, sans-serif;\"><span style=\"font-size: medium;\">Questo &#8216;scherzetto&#8217; ad oggi, numeri e calcolatrice alla mano\u00a0<b>coster\u00e0 all\u2019azienda trasporti pi\u00f9 di 130.000 euro frutto delle differenze retributive fra i parametri 158 e 193 per 6 lavoratori e fra i par. 175 e 193 per i restanti 3, senza considerare le spese di lite, gli interessi e le rivalutazioni monetarie <\/b>come per legge che certamente <b>fanno lievitare di parecchio<\/b> la somma che ATM \u00e8 costretta a sborsare!<\/span><\/span><\/p>\n<p align=\"JUSTIFY\"><span style=\"font-family: Arial, sans-serif;\"><span style=\"font-size: medium;\">Alla luce di questo piccolo grande macigno caduto sull\u2019azienda trasporti \u2013 conclude Gioveni \u2013 e considerato che nell\u2019attuale sessione lavori del Consiglio Comunale sono inseriti anche i Bilanci di ATM degli anni in questione, \u00e8 certamente opportuno e urgente convocare in Commissione Bilancio gli assessori al ramo e il Direttore Generale di ATM per capire quali <b>possibili effetti negativi potranno esserci sia a breve che a lunga scadenza (in riferimento anche alla sostenibilit\u00e0 del piano di riequilibrio)<\/b> e se ci siano ancora in itinere delle controversie giudiziarie pendenti i cui effetti potrebbero incidere ancora negativamente sui bilanci dell\u2019azienda&#8221;.<\/span><\/span><\/p>\n","protected":false},"excerpt":{"rendered":"<p>\u201cUn madornale errore di valutazione che coster\u00e0 caro e salato alle casse dell\u2019ATM\u201d. Cos\u00ec esordisce il consigliere comunale Libero Gioveni in una nota, riferendosi al buco di bilancio venutosi a creare nell&#8217;azienda dei trasporti pubblici a seguito della sentenza emessa dal Tribunale ordinario di Messina lo scorso 24 ottobre, con la quale \u00e8 stata condannata [&hellip;]<\/p>\n","protected":false},"author":8,"featured_media":2059,"comment_status":"closed","ping_status":"open","sticky":false,"template":"","format":"standard","meta":{"ub_ctt_via":"","_mi_skip_tracking":false},"categories":[19],"tags":[],"featured_image_src":"https:\/\/www.messinaoggi.it\/website\/wp-content\/uploads\/2017\/06\/Bus-Atm-da-Cavallotti-messinaoggi-2.jpg","author_info":{"display_name":"red..me","author_link":"https:\/\/www.messinaoggi.it\/website\/author\/redstage\/"},"digistream_id":0,"digistream":false,"_links":{"self":[{"href":"https:\/\/www.messinaoggi.it\/website\/wp-json\/wp\/v2\/posts\/10847"}],"collection":[{"href":"https:\/\/www.messinaoggi.it\/website\/wp-json\/wp\/v2\/posts"}],"about":[{"href":"https:\/\/www.messinaoggi.it\/website\/wp-json\/wp\/v2\/types\/post"}],"author":[{"embeddable":true,"href":"https:\/\/www.messinaoggi.it\/website\/wp-json\/wp\/v2\/users\/8"}],"replies":[{"embeddable":true,"href":"https:\/\/www.messinaoggi.it\/website\/wp-json\/wp\/v2\/comments?post=10847"}],"version-history":[{"count":0,"href":"https:\/\/www.messinaoggi.it\/website\/wp-json\/wp\/v2\/posts\/10847\/revisions"}],"wp:featuredmedia":[{"embeddable":true,"href":"https:\/\/www.messinaoggi.it\/website\/wp-json\/wp\/v2\/media\/2059"}],"wp:attachment":[{"href":"https:\/\/www.messinaoggi.it\/website\/wp-json\/wp\/v2\/media?parent=10847"}],"wp:term":[{"taxonomy":"category","embeddable":true,"href":"https:\/\/www.messinaoggi.it\/website\/wp-json\/wp\/v2\/categories?post=10847"},{"taxonomy":"post_tag","embeddable":true,"href":"https:\/\/www.messinaoggi.it\/website\/wp-json\/wp\/v2\/tags?post=10847"}],"curies":[{"name":"wp","href":"https:\/\/api.w.org\/{rel}","templated":true}]}}