{"id":108423,"date":"2022-05-19T16:47:32","date_gmt":"2022-05-19T14:47:32","guid":{"rendered":"https:\/\/www.messinaoggi.it\/website\/2022\/05\/19\/malattie-legate-allinvecchiamento-esperti-a-confronto-a-palermo\/"},"modified":"2022-05-19T16:47:32","modified_gmt":"2022-05-19T14:47:32","slug":"malattie-legate-allinvecchiamento-esperti-a-confronto-a-palermo","status":"publish","type":"post","link":"https:\/\/www.messinaoggi.it\/website\/2022\/05\/19\/malattie-legate-allinvecchiamento-esperti-a-confronto-a-palermo\/","title":{"rendered":"Malattie legate all\u2019invecchiamento, esperti a confronto a Palermo"},"content":{"rendered":"<div>\n<p>PALERMO (ITALPRESS) \u2013 Il progressivo invecchiamento della popolazione \u00e8 un trend in continuo aumento: entro il 2050 la proporzione di anziani nel mondo raddoppier\u00e0, passando dall\u201911% al 22% della popolazione totale. Secondo i dati Eurostat, l\u2019Italia \u00e8 oggi il Paese europeo che registra la pi\u00f9 alta percentuale di over 65enni sul totale della popolazione, ovvero il 22,8%. Approfondire lo studio e la cura delle malattie et\u00e0-correlate diventa quindi una priorit\u00e0 assoluta, sia per il miglioramento della salute della popolazione, che per la sostenibilit\u00e0 dei sistemi sanitari. Da qui il focus della 14^ edizione del Simposio Scientifico Ri.MED \u201cInflammation and Aging: Mechanisms, mediators and therapeutic interventions\u201d, in corso oggi e domani, a Palazzo Steri, sede del rettorato dell\u2019Universit\u00e0 di Palermo. <br \/>Dal punto di vista scientifico, l\u2019invecchiamento umano \u00e8 caratterizzato da uno stato infiammatorio cronico di basso grado connesso a molte malattie et\u00e0-correlate, definito \u201cInflammaging\u201d (termine coniato proprio dal professor Franceschi, keynote speaker della prima giornata). L\u2019infiammazione \u00e8 un fattore di rischio altamente significativo negli anziani: la quasi totalit\u00e0 delle malattie legate all\u2019et\u00e0 e delle sindromi geriatriche condividono infatti una patogenesi infiammatoria.<br \/>I lavori hanno preso il via oggi con un discorso introduttivo di Massimo Midiri, rettore dell\u2019Universit\u00e0 di Palermo, Paolo Aquilanti, presidente di Fondazione Ri.MED, Angelo Luca, direttore di IRCCS ISMETT e vicepresidente della Fondazione Ri.MED e Toren Finkel, Chairman dell\u2019evento e direttore dell\u2019Aging Institute di UPMC.<br \/>\u201cLa missione di Ri.MED \u00e8 quella di trasferire le biotecnologie e le ricerche biomediche in nuove cure per i pazienti: in proposito vi sono anche progetti che riguardano le patologie connesse all\u2019invecchiamento \u2013 spiega Paolo Aquilanti, presidente della Fondazione Ri.MED -. Studi e applicazioni che traggono un forte impulso dall\u2019integrazione diretta con l\u2019IRCCS-ISMETT e dalla partnership strategica con il Centro Medico dell\u2019Universit\u00e0 di Pittsburgh. Il Simposio annuale ci permette di portare in Sicilia gli studiosi e gli operatori pi\u00f9 qualificati in materia, secondo gli obiettivi propri di Ri.MED: divulgazione scientifica, formazione di nuove generazioni di ricercatori e sviluppo di un indotto socioeconomico positivo nel Sud Italia\u201d.<br \/>Si tratta di uno dei primi incontri internazionali focalizzati esclusivamente sul tema della relazione tra infiammazione, invecchiamento e sistema immunitario, approcci complementari da cui possano scaturire collaborazioni utili a tradurre le intuizioni scientifiche in nuove terapie.<br \/>\u201cL\u2019obiettivo delle ricerche che verranno presentate \u00e8 lo sviluppo di innovative soluzioni diagnostiche e terapeutiche utili a rallentare o addirittura invertire la genesi dello stato infiammatorio cronico, e permettere cos\u00ec di trattare efficacemente una vasta gamma di patologie legate all\u2019et\u00e0\u201d, dice  Toren Finkel, chairman dell\u2019evento e direttore dell\u2019Aging Institute di UPMC, che ha tracciato le aree tematiche che saranno approfondite nei prossimi due giorni: \u201cSpaziando dall\u2019attivazione immunitaria cronica negli anziani ai meccanismi scientifici che generano le condizioni patologiche legate all\u2019et\u00e0, gli scienziati esploreranno nuovi approcci per il trattamenti di malattie come l\u2019Alzheimer, la broncopneumopatia cronica ostruttiva, l\u2019osteoartrite, la setticemia e altre ancora\u201d.<div id=\"div-gpt-ad-Messinaoggi.it-DSK-300x250-corpoart\" style=\"text-align:center;margin:0 auto;\"><\/div><\/p>\n<p>\u2013 foto ufficio stampa Comin &amp; Partners \u2013<br \/>(ITALPRESS).<div id=\"videoincontent\" style=\"clear:both\";><\/div><\/p>\n<\/div>\n","protected":false},"excerpt":{"rendered":"<p>PALERMO (ITALPRESS) \u2013 Il progressivo invecchiamento della popolazione \u00e8 un trend in continuo aumento: entro il 2050 la proporzione di anziani nel mondo raddoppier\u00e0, passando dall\u201911% al 22% della popolazione totale. Secondo i dati Eurostat, l\u2019Italia \u00e8 oggi il Paese europeo che registra la pi\u00f9 alta percentuale di over 65enni sul totale della popolazione, ovvero [&hellip;]<\/p>\n","protected":false},"author":18,"featured_media":108424,"comment_status":"closed","ping_status":"closed","sticky":false,"template":"","format":"standard","meta":{"ub_ctt_via":"","_mi_skip_tracking":false},"categories":[2449],"tags":[783],"featured_image_src":"https:\/\/www.messinaoggi.it\/website\/wp-content\/uploads\/2022\/05\/20220519_1334.jpg","author_info":{"display_name":"Admin","author_link":"https:\/\/www.messinaoggi.it\/website\/author\/admin\/"},"digistream_id":0,"digistream":false,"_links":{"self":[{"href":"https:\/\/www.messinaoggi.it\/website\/wp-json\/wp\/v2\/posts\/108423"}],"collection":[{"href":"https:\/\/www.messinaoggi.it\/website\/wp-json\/wp\/v2\/posts"}],"about":[{"href":"https:\/\/www.messinaoggi.it\/website\/wp-json\/wp\/v2\/types\/post"}],"author":[{"embeddable":true,"href":"https:\/\/www.messinaoggi.it\/website\/wp-json\/wp\/v2\/users\/18"}],"replies":[{"embeddable":true,"href":"https:\/\/www.messinaoggi.it\/website\/wp-json\/wp\/v2\/comments?post=108423"}],"version-history":[{"count":0,"href":"https:\/\/www.messinaoggi.it\/website\/wp-json\/wp\/v2\/posts\/108423\/revisions"}],"wp:featuredmedia":[{"embeddable":true,"href":"https:\/\/www.messinaoggi.it\/website\/wp-json\/wp\/v2\/media\/108424"}],"wp:attachment":[{"href":"https:\/\/www.messinaoggi.it\/website\/wp-json\/wp\/v2\/media?parent=108423"}],"wp:term":[{"taxonomy":"category","embeddable":true,"href":"https:\/\/www.messinaoggi.it\/website\/wp-json\/wp\/v2\/categories?post=108423"},{"taxonomy":"post_tag","embeddable":true,"href":"https:\/\/www.messinaoggi.it\/website\/wp-json\/wp\/v2\/tags?post=108423"}],"curies":[{"name":"wp","href":"https:\/\/api.w.org\/{rel}","templated":true}]}}