{"id":10840,"date":"2017-11-03T10:28:40","date_gmt":"2017-11-03T09:28:40","guid":{"rendered":"http:\/\/www.messinaoggi.it\/website\/?p=10840"},"modified":"2017-11-03T10:28:40","modified_gmt":"2017-11-03T09:28:40","slug":"torrente-annunziata-presenza-di-grossi-ratti-e-necessario-un-intervento-immediato","status":"publish","type":"post","link":"https:\/\/www.messinaoggi.it\/website\/2017\/11\/03\/torrente-annunziata-presenza-di-grossi-ratti-e-necessario-un-intervento-immediato\/","title":{"rendered":"Torrente Annunziata: presenza di grossi ratti. E&#039; necessario un intervento immediato"},"content":{"rendered":"<p style=\"text-align: justify\"><strong>Franco Laimo<\/strong> vice presidente vicario della V circoscrizione e i consiglieri <strong>Marcello Cannistraci<\/strong> e <strong>Francesco Mucciardi<\/strong> denunciano la precaria situazione igenico sanitaria nella zona del viale Annunziata, in particolar modo fra la chiesa del rione Annunziata di padre D&#8217;Arrigo ed il supermercato CO.<div id=\"div-gpt-ad-Messinaoggi.it-DSK-300x250-corpoart\" style=\"text-align:center;margin:0 auto;\"><\/div><\/p>\n<p style=\"text-align: justify\">&#8220;Gi\u00e0 due interventi di derattizzazione sono stati effettuati ad opera del dipartimento sanit\u00e0 del comune di Messina, ma evidentemente non sono stati sufficienti per debellare totalmente questo problema che sta diventando purtroppo una consuetudine in tutta la citt\u00e0 di Messina, situazione non molto confortante se consideriamo che i fondi messi a disposizione per il dipartimento che si occupa della derattizzazione deblattizzazione e disinfestazione del comune di Messina, con a capo il dottor Enzo Palana, sono davvero troppo irrisori per le esigenze comunali&#8221;, dichiarano i consiglieri contattati dai residenti del quartiere.<div id=\"videoincontent\" style=\"clear:both\";><\/div><\/p>\n<p style=\"text-align: justify\">La situazione \u00e8 davvero insostenibile, colonie di grossi ratti si aggirano per le vie indisturbate proprio in prossimit\u00e0 dei cassonetti RSU. I consiglieri segnalano il problema affinch\u00e8 si possa effettuare un&#8217;azione risolutiva e concreta.<\/p>\n","protected":false},"excerpt":{"rendered":"<p>Franco Laimo vice presidente vicario della V circoscrizione e i consiglieri Marcello Cannistraci e Francesco Mucciardi denunciano la precaria situazione igenico sanitaria nella zona del viale Annunziata, in particolar modo fra la chiesa del rione Annunziata di padre D&#8217;Arrigo ed il supermercato CO. &#8220;Gi\u00e0 due interventi di derattizzazione sono stati effettuati ad opera del dipartimento [&hellip;]<\/p>\n","protected":false},"author":8,"featured_media":10842,"comment_status":"closed","ping_status":"open","sticky":false,"template":"","format":"standard","meta":{"ub_ctt_via":"","_mi_skip_tracking":false},"categories":[5],"tags":[],"featured_image_src":"https:\/\/www.messinaoggi.it\/website\/wp-content\/uploads\/2017\/11\/torrente-annunziata.png","author_info":{"display_name":"red..me","author_link":"https:\/\/www.messinaoggi.it\/website\/author\/redstage\/"},"digistream_id":0,"digistream":false,"_links":{"self":[{"href":"https:\/\/www.messinaoggi.it\/website\/wp-json\/wp\/v2\/posts\/10840"}],"collection":[{"href":"https:\/\/www.messinaoggi.it\/website\/wp-json\/wp\/v2\/posts"}],"about":[{"href":"https:\/\/www.messinaoggi.it\/website\/wp-json\/wp\/v2\/types\/post"}],"author":[{"embeddable":true,"href":"https:\/\/www.messinaoggi.it\/website\/wp-json\/wp\/v2\/users\/8"}],"replies":[{"embeddable":true,"href":"https:\/\/www.messinaoggi.it\/website\/wp-json\/wp\/v2\/comments?post=10840"}],"version-history":[{"count":0,"href":"https:\/\/www.messinaoggi.it\/website\/wp-json\/wp\/v2\/posts\/10840\/revisions"}],"wp:featuredmedia":[{"embeddable":true,"href":"https:\/\/www.messinaoggi.it\/website\/wp-json\/wp\/v2\/media\/10842"}],"wp:attachment":[{"href":"https:\/\/www.messinaoggi.it\/website\/wp-json\/wp\/v2\/media?parent=10840"}],"wp:term":[{"taxonomy":"category","embeddable":true,"href":"https:\/\/www.messinaoggi.it\/website\/wp-json\/wp\/v2\/categories?post=10840"},{"taxonomy":"post_tag","embeddable":true,"href":"https:\/\/www.messinaoggi.it\/website\/wp-json\/wp\/v2\/tags?post=10840"}],"curies":[{"name":"wp","href":"https:\/\/api.w.org\/{rel}","templated":true}]}}